{"id":93916,"date":"2025-12-01T00:16:07","date_gmt":"2025-12-01T00:16:07","guid":{"rendered":"https:\/\/www.europesays.com\/se\/93916\/"},"modified":"2025-12-01T00:16:07","modified_gmt":"2025-12-01T00:16:07","slug":"millie-bobbie-brown-om-david-harbour-kande-mig-trygg","status":"publish","type":"post","link":"https:\/\/www.europesays.com\/se\/93916\/","title":{"rendered":"Millie Bobbie Brown om David Harbour: \u201dK\u00e4nde mig trygg\u201d"},"content":{"rendered":"<p>Publicerad 1 dec 2025 kl 01.00<\/p>\n<p>I november kom uppgifter om att Millie Bobby Brown anm\u00e4lt David Harbour f\u00f6r trakasserier.<\/p>\n<p>Nu f\u00f6rs\u00e4krar \u201dStranger Things\u201d-stj\u00e4rnan att hon k\u00e4nde sig trygg under inspelningen.<\/p>\n<p>\u2013 Sj\u00e4lvklart k\u00e4nde jag mig trygg, s\u00e4ger Brown.<\/p>\n<p><img   alt=\"\"\/><\/p>\n<p>Millie Bobby Brown under premi\u00e4ren av s\u00e4song tre av \u201dStranger Things\u201d<\/p>\n<p>Foto: Jordan Strauss \/ AP TT NYHETSBYR\u00c5N<\/p>\n<p>\u00d6ppna bild i helsk\u00e4rm<img loading=\"lazy\"   alt=\"\"\/><\/p>\n<p>David Harbour.<\/p>\n<p>Foto: PHOTO IMAGE PRESS \/ POLARIS \/ PHOTO IMAGE PRESS \/ POLARIS POLARIS IMAGES<\/p>\n<p>\u00d6ppna bild i helsk\u00e4rm<img loading=\"lazy\"   alt=\"\"\/><\/p>\n<p>Millie Bobby Brown Stranger Things s\u00e4song 3.<\/p>\n<p>Foto: EVERETT COLLECTION\/IBL<\/p>\n<p>\u00d6ppna bild i helsk\u00e4rm<img loading=\"lazy\"   alt=\"\"\/><\/p>\n<p>David Harbour som Jim Hopper och Winona Ryder som Joyce Byers.<\/p>\n<p>Foto: Netflix<\/p>\n<p>\u00d6ppna bild i helsk\u00e4rm<\/p>\n<p>Tidigare i november rapporterade<a href=\"https:\/\/www.dailymail.co.uk\/news\/article-15248699\/Millie-Bobby-Brown-filed-harassment-bullying-claim-started-shooting-season-pages-pages-accusations-Caroline-Graham-reveals-latest-bombshell-claims-facing-Lily-Allens-estranged-husband-David-Harbour.html\" rel=\"nofollow noopener\" target=\"_blank\"> Daily Mail<\/a> att sk\u00e5despelaren <a href=\"https:\/\/www.expressen.se\/tagg\/person\/millie-bobby-brown\/\" class=\"\" rel=\"nofollow noopener\" target=\"_blank\">Millie Bobby Brown<\/a>, 21, anm\u00e4lt kollegan David Harbour, 50, f\u00f6r mobbning och trakasserier.\u00a0<\/p>\n<p>Anm\u00e4lan ska ha gjorts innan inspelningen av den senaste s\u00e4songen av \u201dStranger Things\u201d.<\/p>\n<p>\u2013 Det var sida upp och sida ner av anklagelser. Utredningen p\u00e5gick i m\u00e5nader, s\u00e4ger en k\u00e4lla till Daily Mail.<\/p>\n<p>\u201dK\u00e4nner mig trygg\u201d<\/p>\n<p>Samtidigt verkar de tv\u00e5 ha varit v\u00e4ldigt tjenis p\u00e5 sistone. De har synts skratta och krama varandra p\u00e5 r\u00f6da mattan.<\/p>\n<p>\u2013 Vi \u00e4r lyckligt lottade som har varandra. Serien betyder s\u00e5 mycket f\u00f6r oss b\u00e5da, sa Brown till <a href=\"https:\/\/www.usmagazine.com\/entertainment\/news\/millie-bobby-brown-gushes-over-david-harbour-amid-bullying-claims\/\" rel=\"nofollow noopener\" target=\"_blank\">Us Weekly<\/a> tidigare i november.\u00a0<\/p>\n<p>Nu f\u00f6rs\u00e4krar ocks\u00e5 Brown att allt g\u00e5tt r\u00e4tt till. P\u00e5 en presstr\u00e4ff f\u00e5r hon fr\u00e5gan om hon k\u00e4nde sig trygg med Harbour.<\/p>\n<p>\u2013 Sj\u00e4lvklart k\u00e4nde jag mig trygg, vi har arbetat tillsammans i tio \u00e5r. Jag k\u00e4nner mig trygg med alla p\u00e5 den inspelningen, s\u00e4ger hon till <a href=\"https:\/\/www.tiktok.com\/@deadline\/video\/7577879815160728845\" rel=\"nofollow noopener\" target=\"_blank\">Deadline<\/a>.<\/p>\n<p>Enligt Brown har de tv\u00e5 en s\u00e4rskilt n\u00e4ra relation.<\/p>\n<p>\u2013 Vi spelar far och dotter, s\u00e5 naturligtvis f\u00e5r vi ett n\u00e4rmare band \u00e4n de andra. Vi hade ocks\u00e5 v\u00e4ldigt intensiva scener tillsammans, s\u00e4rskilt i s\u00e4song tv\u00e5, s\u00e4ger hon.<\/p>\n<p>\u201dHar en fantastisk relation\u201d\u00a0<\/p>\n<p>Vidare hyllar hon Harbours sk\u00e5despelarinsatser.<\/p>\n<p>\u2013 David och jag har en fantastisk relation. Vi arbetar v\u00e4ldigt n\u00e4ra tillsammans, b\u00e5de i scenerna och n\u00e4r vi f\u00f6rbereder oss inf\u00f6r dem, s\u00e4ger hon och forts\u00e4tter:<\/p>\n<p>\u2013 Jag vill g\u00f6ra mitt allra b\u00e4sta n\u00e4r jag ska spela in en scen med honom, f\u00f6r jag vet att han g\u00f6r detsamma.<\/p>\n<p>I slutet av oktober sl\u00e4ppte artisten och Harbours ex-fru Lily Allen ett album om deras uppbrott. Enligt l\u00e5ttexterna ska Harbour ha varit otrogen med en annan kvinna.<\/p>\n<p><script async src=\"\/\/www.tiktok.com\/embed.js\"><\/script><\/p>\n","protected":false},"excerpt":{"rendered":"Publicerad 1 dec 2025 kl 01.00 I november kom uppgifter om att Millie Bobby Brown anm\u00e4lt David Harbour&hellip;\n","protected":false},"author":2,"featured_media":93917,"comment_status":"","ping_status":"","sticky":false,"template":"","format":"standard","meta":{"footnotes":""},"categories":[67],"tags":[104,1484,34,31,33,32,30,310,582,105],"class_list":{"0":"post-93916","1":"post","2":"type-post","3":"status-publish","4":"format-standard","5":"has-post-thumbnail","7":"category-underhallning","8":"tag-entertainment","9":"tag-person-millie-bobby-brown","10":"tag-se","11":"tag-svenska","12":"tag-sverige","13":"tag-sweden","14":"tag-swedish","15":"tag-topic-kandisar","16":"tag-topic-trakasserier","17":"tag-underhallning"},"share_on_mastodon":{"url":"https:\/\/pubeurope.com\/@se\/115641436327500770","error":""},"_links":{"self":[{"href":"https:\/\/www.europesays.com\/se\/wp-json\/wp\/v2\/posts\/93916","targetHints":{"allow":["GET"]}}],"collection":[{"href":"https:\/\/www.europesays.com\/se\/wp-json\/wp\/v2\/posts"}],"about":[{"href":"https:\/\/www.europesays.com\/se\/wp-json\/wp\/v2\/types\/post"}],"author":[{"embeddable":true,"href":"https:\/\/www.europesays.com\/se\/wp-json\/wp\/v2\/users\/2"}],"replies":[{"embeddable":true,"href":"https:\/\/www.europesays.com\/se\/wp-json\/wp\/v2\/comments?post=93916"}],"version-history":[{"count":0,"href":"https:\/\/www.europesays.com\/se\/wp-json\/wp\/v2\/posts\/93916\/revisions"}],"wp:featuredmedia":[{"embeddable":true,"href":"https:\/\/www.europesays.com\/se\/wp-json\/wp\/v2\/media\/93917"}],"wp:attachment":[{"href":"https:\/\/www.europesays.com\/se\/wp-json\/wp\/v2\/media?parent=93916"}],"wp:term":[{"taxonomy":"category","embeddable":true,"href":"https:\/\/www.europesays.com\/se\/wp-json\/wp\/v2\/categories?post=93916"},{"taxonomy":"post_tag","embeddable":true,"href":"https:\/\/www.europesays.com\/se\/wp-json\/wp\/v2\/tags?post=93916"}],"curies":[{"name":"wp","href":"https:\/\/api.w.org\/{rel}","templated":true}]}}