{"id":93926,"date":"2025-12-01T01:08:07","date_gmt":"2025-12-01T01:08:07","guid":{"rendered":"https:\/\/www.europesays.com\/se\/93926\/"},"modified":"2025-12-01T01:08:07","modified_gmt":"2025-12-01T01:08:07","slug":"lenovos-thinkpad-t16-gen-4-amd-ger-gott-om-utrymme-for-forbattringar","status":"publish","type":"post","link":"https:\/\/www.europesays.com\/se\/93926\/","title":{"rendered":"Lenovos ThinkPad T16 Gen 4 AMD ger gott om utrymme f\u00f6r f\u00f6rb\u00e4ttringar"},"content":{"rendered":"<p class=\"bodytext\">Detta inneb\u00e4r ocks\u00e5 att det finns oanv\u00e4nt utrymme i de st\u00f6rre modellerna, vilket ocks\u00e5 \u00e4r l\u00e4tt att se n\u00e4r man tittar p\u00e5 den interna layouten i ThinkPad T16 Gen 4. Det finns gott om oanv\u00e4nt utrymme direkt bredvid fl\u00e4kten. Den \u00f6vergripande upps\u00e4ttningen funktioner i ThinkPad T16 Gen 4 \u00e4r \u00f6verlag mycket bra (WWAN-ready, 2x SO-DIMM, 1x SSD), men med ett motsvarande moderkort f\u00f6r 16-tumschassit skulle det finnas plats f\u00f6r en andra SSD-plats samt en andra fl\u00e4kt. Detta skulle \u00f6ka CPU-prestandan och samtidigt minska fl\u00e4ktljudet och yttemperaturerna, som kan n\u00e5 mer \u00e4n 50 \u00b0C vid den heta punkten p\u00e5 bottenpanelen.&#13;<\/p>\n<p class=\"bodytext\">En annan aspekt som vi vill prata om \u00e4r tangentbordets kvalitet, s\u00e4rskilt med tanke p\u00e5 den stora och j\u00e4mf\u00f6relsevis tjocka basenheten. Det \u00e4r ingen hemlighet att kvaliteten p\u00e5 Lenovos tangentbord har sjunkit under de senaste \u00e5ren p\u00e5 grund av tunnare konstruktioner. Skrivupplevelsen p\u00e5 T16 drar nytta av den robusta basenheten och den \u00f6vergripande skrivupplevelsen \u00e4r bekv\u00e4m, men om vi j\u00e4mf\u00f6r den direkt med v\u00e5r egen (och mycket smalare) <a href=\"http:\/\/www.notebookcheck.net\/Lenovo-ThinkPad-X1-Carbon-2018-WQHD-HDR-i7-Laptop-Review.284682.0.html\" target=\"_self\" class=\"internal-link\" rel=\"nofollow noopener\">ThinkPad X1 Carbon G6 fr\u00e5n 2018<\/a>som fortfarande anv\u00e4nde 1,8 mm tangentbordsr\u00f6relse, \u00e4r skrivupplevelsen helt enkelt inte lika bra. Tangentborden \u00e4r ocks\u00e5 standardiserade delar och den nuvarande T16 anv\u00e4nder 1,5 mm slagl\u00e4ngd med platta tangentlock. Vi kan bara hoppas att Lenovo kommer att anv\u00e4nda b\u00e4ttre tangentbord f\u00f6r kommande produkter.&#13;<\/p>\n<p class=\"bodytext\">Vi har redan pratat om <a href=\"http:\/\/www.notebookcheck.net\/Lenovo-only-offers-the-expensive-business-laptop-ThinkPad-T16-Gen-4-AMD-with-60-Hz-screens.1167717.0.html\" target=\"_self\" class=\"internal-link\" rel=\"nofollow noopener\">\u00e4mnet f\u00f6r sk\u00e4rmen<\/a> och det \u00e4r olyckligt att det inte finns n\u00e5got alternativ med h\u00f6g uppl\u00f6sning med en frekvens p\u00e5 120 Hz. V\u00e4nligen se <a href=\"http:\/\/www.notebookcheck.net\/Large-business-laptop-with-AMD-Ryzen-Pro-impresses-Lenovo-ThinkPad-T16-Gen-4-review.1167534.0.html\" target=\"_self\" class=\"internal-link\" rel=\"nofollow noopener\">v\u00e5r omfattande recension<\/a> inklusive v\u00e5r kalibrerade sk\u00e4rmprofil f\u00f6r mer information om ThinkPad T16 Gen 4 AMD.<\/p>\n","protected":false},"excerpt":{"rendered":"Detta inneb\u00e4r ocks\u00e5 att det finns oanv\u00e4nt utrymme i de st\u00f6rre modellerna, vilket ocks\u00e5 \u00e4r l\u00e4tt att se&hellip;\n","protected":false},"author":2,"featured_media":93927,"comment_status":"","ping_status":"","sticky":false,"template":"","format":"standard","meta":{"footnotes":""},"categories":[66],"tags":[11075,11070,390,7083,11071,7084,7192,7085,11076,80,78,79,34,11074,31,33,32,30,11072,81,84,9709,11069,11073,83,82,10287],"class_list":{"0":"post-93926","1":"post","2":"type-post","3":"status-publish","4":"format-standard","5":"has-post-thumbnail","7":"category-vetenskap-och-teknik","8":"tag-16-tums-barbar-dator","9":"tag-affarsdator","10":"tag-amd","11":"tag-barbar-dator","12":"tag-kylning-av-barbar-dator","13":"tag-laptop","14":"tag-lenovo","15":"tag-notebook","16":"tag-recension-av-barbar-dator","17":"tag-science","18":"tag-science-and-technology","19":"tag-scienceandtechnology","20":"tag-se","21":"tag-ssd-uppgradering","22":"tag-svenska","23":"tag-sverige","24":"tag-sweden","25":"tag-swedish","26":"tag-tangentbordskvalitet","27":"tag-technology","28":"tag-teknik","29":"tag-thinkpad","30":"tag-thinkpadt16","31":"tag-underhall-av-barbar-dator","32":"tag-vetenskap","33":"tag-vetenskapteknik","34":"tag-wwan"},"share_on_mastodon":{"url":"https:\/\/pubeurope.com\/@se\/115641640786838888","error":""},"_links":{"self":[{"href":"https:\/\/www.europesays.com\/se\/wp-json\/wp\/v2\/posts\/93926","targetHints":{"allow":["GET"]}}],"collection":[{"href":"https:\/\/www.europesays.com\/se\/wp-json\/wp\/v2\/posts"}],"about":[{"href":"https:\/\/www.europesays.com\/se\/wp-json\/wp\/v2\/types\/post"}],"author":[{"embeddable":true,"href":"https:\/\/www.europesays.com\/se\/wp-json\/wp\/v2\/users\/2"}],"replies":[{"embeddable":true,"href":"https:\/\/www.europesays.com\/se\/wp-json\/wp\/v2\/comments?post=93926"}],"version-history":[{"count":0,"href":"https:\/\/www.europesays.com\/se\/wp-json\/wp\/v2\/posts\/93926\/revisions"}],"wp:featuredmedia":[{"embeddable":true,"href":"https:\/\/www.europesays.com\/se\/wp-json\/wp\/v2\/media\/93927"}],"wp:attachment":[{"href":"https:\/\/www.europesays.com\/se\/wp-json\/wp\/v2\/media?parent=93926"}],"wp:term":[{"taxonomy":"category","embeddable":true,"href":"https:\/\/www.europesays.com\/se\/wp-json\/wp\/v2\/categories?post=93926"},{"taxonomy":"post_tag","embeddable":true,"href":"https:\/\/www.europesays.com\/se\/wp-json\/wp\/v2\/tags?post=93926"}],"curies":[{"name":"wp","href":"https:\/\/api.w.org\/{rel}","templated":true}]}}