{"id":93944,"date":"2025-12-01T01:56:24","date_gmt":"2025-12-01T01:56:24","guid":{"rendered":"https:\/\/www.europesays.com\/se\/93944\/"},"modified":"2025-12-01T01:56:24","modified_gmt":"2025-12-01T01:56:24","slug":"claes-far-ratt-om-lutande-tallen-ska-sagas-ner","status":"publish","type":"post","link":"https:\/\/www.europesays.com\/se\/93944\/","title":{"rendered":"Claes f\u00e5r r\u00e4tt om lutande tallen \u2013 ska s\u00e5gas ner"},"content":{"rendered":"<p>Men n\u00e4stan nio m\u00e5nader senare hade ingenting h\u00e4nt.F\u00f6rutom att tallen, som st\u00e5r p\u00e5 kommunens mark, enligt Claes Carlssons utsago lutar \u00e4nnu mer \u00e4n tidigare.Tidningen \u00e5kte ut f\u00f6r att dokumentera trafikfaran vid H\u00e5lbyskogen.\u2013 Vad h\u00e4nder om den ramlar rakt ut och en bil kommer farande. Ja, i v\u00e4rsta fall kan den ju faktiskt tr\u00e4ffa bilen vid ett fall, s\u00e4ger Claes Carlsson.H<\/p>\n","protected":false},"excerpt":{"rendered":"Men n\u00e4stan nio m\u00e5nader senare hade ingenting h\u00e4nt.F\u00f6rutom att tallen, som st\u00e5r p\u00e5 kommunens mark, enligt Claes Carlssons&hellip;\n","protected":false},"author":2,"featured_media":93945,"comment_status":"","ping_status":"","sticky":false,"template":"","format":"standard","meta":{"footnotes":""},"categories":[67],"tags":[104,34,31,33,32,30,105],"class_list":{"0":"post-93944","1":"post","2":"type-post","3":"status-publish","4":"format-standard","5":"has-post-thumbnail","7":"category-underhallning","8":"tag-entertainment","9":"tag-se","10":"tag-svenska","11":"tag-sverige","12":"tag-sweden","13":"tag-swedish","14":"tag-underhallning"},"share_on_mastodon":{"url":"https:\/\/pubeurope.com\/@se\/115641829451427966","error":""},"_links":{"self":[{"href":"https:\/\/www.europesays.com\/se\/wp-json\/wp\/v2\/posts\/93944","targetHints":{"allow":["GET"]}}],"collection":[{"href":"https:\/\/www.europesays.com\/se\/wp-json\/wp\/v2\/posts"}],"about":[{"href":"https:\/\/www.europesays.com\/se\/wp-json\/wp\/v2\/types\/post"}],"author":[{"embeddable":true,"href":"https:\/\/www.europesays.com\/se\/wp-json\/wp\/v2\/users\/2"}],"replies":[{"embeddable":true,"href":"https:\/\/www.europesays.com\/se\/wp-json\/wp\/v2\/comments?post=93944"}],"version-history":[{"count":0,"href":"https:\/\/www.europesays.com\/se\/wp-json\/wp\/v2\/posts\/93944\/revisions"}],"wp:featuredmedia":[{"embeddable":true,"href":"https:\/\/www.europesays.com\/se\/wp-json\/wp\/v2\/media\/93945"}],"wp:attachment":[{"href":"https:\/\/www.europesays.com\/se\/wp-json\/wp\/v2\/media?parent=93944"}],"wp:term":[{"taxonomy":"category","embeddable":true,"href":"https:\/\/www.europesays.com\/se\/wp-json\/wp\/v2\/categories?post=93944"},{"taxonomy":"post_tag","embeddable":true,"href":"https:\/\/www.europesays.com\/se\/wp-json\/wp\/v2\/tags?post=93944"}],"curies":[{"name":"wp","href":"https:\/\/api.w.org\/{rel}","templated":true}]}}