{"id":93962,"date":"2025-12-01T03:34:28","date_gmt":"2025-12-01T03:34:28","guid":{"rendered":"https:\/\/www.europesays.com\/se\/93962\/"},"modified":"2025-12-01T03:34:28","modified_gmt":"2025-12-01T03:34:28","slug":"%c2%94en-kopp-kaffe-efter-en-dag-i-skogen-slar-det-mesta%c2%94-laholmstidning-se","status":"publish","type":"post","link":"https:\/\/www.europesays.com\/se\/93962\/","title":{"rendered":"\u0094En kopp kaffe efter en dag i skogen sl\u00e5r det mesta\u0094 \u00bb laholmstidning.se"},"content":{"rendered":"<p>Av Carina Nilsson<\/p>\n<p><strong>Skogs\u00e4garna upplever den h\u00f6gsta l\u00f6nsamheten p\u00e5 tio \u00e5r visar Ludvig &amp; Co:s rapport Skogsbarometern. <br \/>\u0096 \u00d6ver tid har det alltid varit en god aff\u00e4r att \u00e4ga skog, men p\u00e5 s\u00e5gverkssidan \u00e4r det tuffare och mer tv\u00e4ra kast, s\u00e4ger Leif Nilsson som b\u00e5de \u00e4r skogs\u00e4gare och s\u00e5gverks\u00e4gare i Ekeryd strax utanf\u00f6r Vivljunga, n\u00e4ra Hallandsgr\u00e4nsen.<\/strong><\/p>\n<p>Som skogs\u00e4gare upplever Leif Nilsson goda tider men som \u00e4gare till s\u00e5gverket Ekeryds tr\u00e4, strax utanf\u00f6r Vivljunga, upplever han lite tuffare tider. Foto: Carina Nilsson<\/p>\n<p>Leif Nilsson beskriver sig med glimten i \u00f6gat som en som har alla bokstavskombinationer utom I och Q. Men det st\u00e4mmer knappast. F\u00f6rutom att bedriva skogs- och jordbruk \u00e4r han en av eldsj\u00e4larna i Vivljungas brandv\u00e4rn och han har ocks\u00e5 anlagt ett eget (och Markaryds enda) flygf\u00e4lt p\u00e5 g\u00e5rdens mark. S\u00e5gverket, Ekeryds tr\u00e4, har investerat i modern teknik och han har \u00e4ven ut\u00f6kat skogsinnehavet efterhand som grannfastigheter har blivit till salu. Tv\u00e5 barn jobbar i familjef\u00f6retaget som sammanlagt har sex anst\u00e4llda.<\/p>\n<p>Leif bekr\u00e4ftar p\u00e5 m\u00e5nga s\u00e4tt bilden av den genomsnittlige skogs\u00e4garen, som ges i Skogsbarometern ber\u00e4ttar Annika Granquist p\u00e5 Ludvig &amp; Co som presenterade rapporten tillsammans med Markaryds och Laholms sparbank.<\/p>\n<p>\u0096 Det \u00e4r m\u00e5nga skogs\u00e4gare som har \u00e4gt sin skog i flera generationer och m\u00e5nga skogs\u00e4gare v\u00e4ljer att investera i mer skog, framf\u00f6r fonder och aktier. M\u00e5nga fastigheter kommer aldrig ut p\u00e5 marknaden och drygt sex av tio har inga l\u00e5n alls p\u00e5 sina skogsfastigheter.<\/p>\n<p>Skogs\u00e4garna \u00e4r ocks\u00e5 v\u00e4ldigt n\u00f6jda. 68 procent upplever en god l\u00f6nsamhet, vilket \u00e4r den h\u00f6gsta siffran p\u00e5 10 \u00e5r. 62 procent tror p\u00e5 en fortsatt god l\u00f6nsamhet och 55 procent tror att priserna p\u00e5 skogsfastigheter kommer att stiga de kommande tre \u00e5ren.<\/p>\n<p>\u0096 \u00d6ver tid har det alltid visat sig l\u00f6nsamt att \u00e4ga skog och tr\u00e4 \u00e4r ett fantastiskt material som kan anv\u00e4ndas till s\u00e5 mycket. Men skogsbruket \u00e4r ocks\u00e5 en livsstil f\u00f6r m\u00e5nga. F\u00f6r min egen del finns det inget b\u00e4ttre \u00e4n att ta en kopp kaffe och en macka efter ett par timmars jobb ute i skogen, s\u00e4ger Leif Nilsson.<\/p>\n<p>P\u00e5 s\u00e5gverkssidan \u00e4r det dock lite tuffare. Efter en topp med v\u00e4ldigt h\u00f6ga priser under pandemin g\u00f6r l\u00e5gkonjunkturen att hush\u00e5ll och f\u00f6retag h\u00e5ller i pengarna.<\/p>\n<p>\u0096 R\u00e4ntan, Trumps tullar och den allm\u00e4nna os\u00e4kerheten g\u00f6r att det byggs v\u00e4ldigt lite, och f\u00e5 v\u00e5gar satsa. M\u00e5nga vanliga Svenssons har inte heller r\u00e5d. Men trots det forts\u00e4tter de stora bolagen att k\u00f6pa in till h\u00f6ga priser och bygger lager vilket g\u00f6r att de kan f\u00e5 stora problem. Vi som \u00e4r mindre kan alltid g\u00f6ra annat n\u00e4r efterfr\u00e5gan d\u00e4mpas, s\u00e4ger han och forts\u00e4tter:<\/p>\n<p>\u0096 Det \u00e4r b\u00e4ttre att vara skogs\u00e4gare \u00e4n s\u00e5gverks\u00e4gare just nu men samtidigt h\u00e4nger de b\u00e5da t\u00e4tt ihop.<\/p>\n<p>De mindre s\u00e5gverks\u00e4garna \u00e4r ocks\u00e5 viktiga f\u00f6r konkurrensen menar Leif.<\/p>\n<p>\u0096 Har vi bara stora s\u00e5gverk s\u00e5 blir det f\u00f6r f\u00e5 som styr priset. I norr \u00e4r det mycket l\u00e4gre priser \u00e4n i s\u00f6der p\u00e5 grund av detta, s\u00e4ger Leif Nilsson.<\/p>\n<p>F\u00f6rutom virkespriserna s\u00e5 \u00e4r det egentligen bara \u00e4gander\u00e4tten som oroar skogs\u00e4garna i unders\u00f6kningen. <\/p>\n<p>\u0096 Vi ska ta hand om v\u00e5r milj\u00f6, absolut, men det f\u00e5r aldrig bli f\u00f6r kr\u00e5ngligt och f\u00f6r m\u00e5nga EU- direktiv, det \u00e4r redan idag v\u00e4ldigt omfattande kontroller, s\u00e4ger Leif Nilsson.<\/p>\n<p>Christer Henningsson som \u00e4r f\u00f6retagsr\u00e5dgivare p\u00e5 Markaryds sparbank h\u00e5ller med om det.<\/p>\n<p>\u0096 Det ser v\u00e4ldigt olika ut i v\u00e5rt 200 mil avl\u00e5nga land. M\u00e5nga av de finaste och mest v\u00e4lsk\u00f6tta skogarna och milj\u00f6erna vi har, de finns p\u00e5 grund av tidigare lagbrott \u0096  vi hade inte haft s\u00e5 mycket l\u00f6vskog som vi har i s\u00f6dra Sverige utan det, s\u00e4ger han.<\/p>\n<p>Fakta: Skogsbarometern bygger p\u00e5 intervjuer med 750 slumpvis utvalda fysiska skogs\u00e4gare som f\u00e5r ge sin syn p\u00e5 skogs\u00e4gande, marknaden och konjunkturen. Unders\u00f6kningen gjordes i oktober 2025.<\/p>\n<p>Det finns 309 000 fysiska skogs\u00e4gare i Sverige som tillsammans \u00e4ger 11,3 vilket motsvarar h\u00e4lften av Sveriges produktiva skogsmark.<\/p>\n<p>Rapporten presenterades av representanter f\u00f6r Ludvig &amp; Co samt Markaryds och Laholms sparbanker.<\/p>\n","protected":false},"excerpt":{"rendered":"Av Carina Nilsson Skogs\u00e4garna upplever den h\u00f6gsta l\u00f6nsamheten p\u00e5 tio \u00e5r visar Ludvig &amp; Co:s rapport Skogsbarometern. \u0096&hellip;\n","protected":false},"author":2,"featured_media":93963,"comment_status":"","ping_status":"","sticky":false,"template":"","format":"standard","meta":{"footnotes":""},"categories":[65],"tags":[72,70,71,34,31,33,32,30],"class_list":{"0":"post-93962","1":"post","2":"type-post","3":"status-publish","4":"format-standard","5":"has-post-thumbnail","7":"category-ekonomi","8":"tag-business","9":"tag-economy","10":"tag-ekonomi","11":"tag-se","12":"tag-svenska","13":"tag-sverige","14":"tag-sweden","15":"tag-swedish"},"share_on_mastodon":{"url":"https:\/\/pubeurope.com\/@se\/115642214853266572","error":""},"_links":{"self":[{"href":"https:\/\/www.europesays.com\/se\/wp-json\/wp\/v2\/posts\/93962","targetHints":{"allow":["GET"]}}],"collection":[{"href":"https:\/\/www.europesays.com\/se\/wp-json\/wp\/v2\/posts"}],"about":[{"href":"https:\/\/www.europesays.com\/se\/wp-json\/wp\/v2\/types\/post"}],"author":[{"embeddable":true,"href":"https:\/\/www.europesays.com\/se\/wp-json\/wp\/v2\/users\/2"}],"replies":[{"embeddable":true,"href":"https:\/\/www.europesays.com\/se\/wp-json\/wp\/v2\/comments?post=93962"}],"version-history":[{"count":0,"href":"https:\/\/www.europesays.com\/se\/wp-json\/wp\/v2\/posts\/93962\/revisions"}],"wp:featuredmedia":[{"embeddable":true,"href":"https:\/\/www.europesays.com\/se\/wp-json\/wp\/v2\/media\/93963"}],"wp:attachment":[{"href":"https:\/\/www.europesays.com\/se\/wp-json\/wp\/v2\/media?parent=93962"}],"wp:term":[{"taxonomy":"category","embeddable":true,"href":"https:\/\/www.europesays.com\/se\/wp-json\/wp\/v2\/categories?post=93962"},{"taxonomy":"post_tag","embeddable":true,"href":"https:\/\/www.europesays.com\/se\/wp-json\/wp\/v2\/tags?post=93962"}],"curies":[{"name":"wp","href":"https:\/\/api.w.org\/{rel}","templated":true}]}}