{"id":93973,"date":"2025-12-01T04:26:47","date_gmt":"2025-12-01T04:26:47","guid":{"rendered":"https:\/\/www.europesays.com\/se\/93973\/"},"modified":"2025-12-01T04:26:47","modified_gmt":"2025-12-01T04:26:47","slug":"sista-veckan-i-allsvenskan-dagbok-fran-ifk-norrkopings-kval","status":"publish","type":"post","link":"https:\/\/www.europesays.com\/se\/93973\/","title":{"rendered":"Sista veckan i Allsvenskan \u2013 dagbok fr\u00e5n IFK Norrk\u00f6pings kval"},"content":{"rendered":"<p>\t\t\t<img width=\"1304\" height=\"978\" src=\"https:\/\/www.europesays.com\/se\/wp-content\/uploads\/2025\/12\/ifk-norrkoping-allsvenskan-2025-kval-supporter-3-start.jpg\" class=\"attachment-large size-large wp-post-image\" alt=\"Jonatan H\u00e4ggstr\u00f6m Wedding om att IFK Norrk\u00f6ping \u00e5ker ur Allsvenskan\" loading=\"eager\" fetchpriority=\"high\" decoding=\"async\"  \/>\t\t<\/p>\n<p class=\"ingress\" style=\"color: #000;\">N\u00e4r Offsides IFK Norrk\u00f6ping-supporter s\u00e5g sitt lag f\u00f6rlora med 3\u20130 borta mot \u00d6rgryte beh\u00f6vde han skriva av sig. Fram till den f\u00f6rv\u00e4ntade begravningen p\u00e5 Parken hade han en vecka p\u00e5 sig att hantera nedflyttningen och brottas med den f\u00f6rr\u00e4diska k\u00e4nslan av hopp.&#13;\n<\/p>\n<p>H\u00e4r \u00e4r Jonatan H\u00e4ggstr\u00f6m Weddings kvaldagbok.<\/p>\n<p>\n      Publicerad 30-11-2025    <\/p>\n<p>Dela  <\/p>\n<p>Endast p\u00e5 Offside.org<\/p>\n<p><strong>22 november, sju dagar kvar i Allsvenskan<\/strong><\/p>\n<p style=\"font-weight: 400;\">Axel Br\u00f6nner gr\u00e5ter. Pojken som vi alla byggt v\u00e5rt framtidshopp p\u00e5 det senaste \u00e5ret st\u00e5r inne p\u00e5 Gamla Ullevis usla gr\u00e4smatta, h\u00f6gr\u00f6d i ansiktet, skakig i kroppen och med t\u00e5rar rinnande ner f\u00f6r kinderna. V\u00e5r alldeles egna briljanta fotbollspojke, en 17-\u00e5ring som v\u00e4xt upp i klubben, ser helt f\u00f6rst\u00f6rd ut.<\/p>\n<p style=\"font-weight: 400;\">Totte Nyman avbryter sin molokna \u00f6gonkontakt med oss i klacken f\u00f6r att stega bort till Br\u00f6nner, som f\u00f6r n\u00e5gra \u00e5r sedan var bollkalle och tiggde om lagkaptenens autograf. De kramas, Totte ser ut att s\u00e4ga n\u00e5gra uppmuntrande ord. Br\u00f6nner gr\u00e5ter \u00e4nnu mer intensivt. Det ser ut som den typen av gr\u00e5tattack som f\u00e5r halsen att sp\u00e4nna sig tills n\u00e5got k\u00e4nns trasigt. Andningssv\u00e5righeter och fysisk sm\u00e4rta. Den lika unga talangen William Bergman g\u00f6r n\u00e4sta tr\u00f6stf\u00f6rs\u00f6k som inte hj\u00e4lper. Sedan kommer Alexander Fransson, den tidigare lagkaptenen som delar ramsa med Axel Br\u00f6nner. Orden i Lasse Holms Canneloni Macaroni har bytts ut till: \u00bbDet ska va Axel Br\u00f6nner! Br\u00f6nner! Och Alle Fransson breve! \u00c5h-\u00e5h-\u00e5h-\u00e5h-\u00e5h-\u00e5h-\u00e5h-\u00e5h, resten av mitt liv!\u00ab<\/p>\n<p style=\"font-weight: 400;\">Axel Br\u00f6nner omfamnas av sin mentor som ocks\u00e5 rufsar honom i h\u00e5ret och klappar honom p\u00e5 br\u00f6stet. Jag f\u00f6rest\u00e4ller mig att Alle s\u00e4ger ungef\u00e4r: \u00bbDet \u00e4r inte ditt fel. Du var grym n\u00e4r du kom in, skyll p\u00e5 oss \u00e4ldre som inte pallade pressen. Det \u00e4r du som \u00e4r framtiden.\u00ab Alle g\u00f6r vad han kan men ynglingens hulkande slutar inte. Axel Br\u00f6nner t\u00e4cker ansiktet med sin hand utan att lyckas d\u00f6lja \u00f6gonlockens sm\u00e5 vibrationer och l\u00e4pparnas kamp f\u00f6r att inte spricka. Det \u00e4r s\u00e5 n\u00e4r man gr\u00e5ter. Allt handlar om att h\u00e5lla ansiktet intakt. Annars g\u00e5r saker s\u00f6nder. Det \u00e4r s\u00e5 mycket som vill ut.<\/p>\n<p style=\"font-weight: 400;\">Inf\u00f6r matchen uppmanade Peking Fanz och tifogruppen oss supportrar att dra p\u00e5 oss bl\u00e5st\u00e4ll f\u00f6r att visa spelarna att h\u00e5rt arbete \u00e4r det enda som kan r\u00e4dda oss. Nu kastas ett hundratal bl\u00e5 plastoveraller ner fr\u00e5n \u00f6vre sektionen till st\u00e5platsl\u00e4ktaren d\u00e4r jag st\u00e5r. En av dem landar p\u00e5 mitt huvud men jag orkar inte vifta bort den. Mina kamrater p\u00e5 kortsidan sjunger orden \u00bbVisa hj\u00e4rta, Norrk\u00f6ping\u00ab. I h\u00f6rnet bredvid bortaklacken st\u00e5r unga \u00f6isare i dunjackor och Ralph Lauren-m\u00f6ssor. De luftrunkar, vinkar retsamt farv\u00e4l och tjoar om att Peking \u00e5ker ur.<\/p>\n<p class=\"offer-nedryckare minifix\">Forts\u00e4tt l\u00e4sa<br \/>\u2013 gratis i en m\u00e5nad<\/p>\n<p class=\"puff alt minifix\">D\u00e4refter 69:-\/m\u00e5nad.<\/p>\n<p>\t<a id=\"paywallDigitalButton\" class=\"opab-button fill\" href=\"https:\/\/www.offside.org\/prenumeration\" data-order-url=\"https:\/\/www.offside.org\/dagbok\/ifk-norrkoping-allsvenskan-kval\/\" rel=\"nofollow noopener\" target=\"_blank\">Testa nu<\/a><\/p>\n<p class=\"puff alt upc\">Har du redan ett konto? <a href=\"https:\/\/connectid.se\/user\/oauth\/authorize?response_type=code&amp;client_id=se.offsidepress&amp;redirect_uri=https%3A%2F%2Fwww.offside.org%2Fdagbok%2Fifk-norrkoping-allsvenskan-kval%2F%3Fflowy_paywall_callback\" class=\"login\" rel=\"nofollow noopener\" target=\"_blank\">Logga in<\/a> h\u00e4r.<\/p>\n<p>    Publicerades 30-11-2025. Artikeln \u00e4r skriven av <a href=\"https:\/\/www.offside.org\/skribent\/jonatan-haggstrom-wedding\/\" rel=\"tag nofollow noopener\" target=\"_blank\">Jonatan H\u00e4ggstr\u00f6m Wedding<\/a>.<\/p>\n","protected":false},"excerpt":{"rendered":"N\u00e4r Offsides IFK Norrk\u00f6ping-supporter s\u00e5g sitt lag f\u00f6rlora med 3\u20130 borta mot \u00d6rgryte beh\u00f6vde han skriva av sig.&hellip;\n","protected":false},"author":2,"featured_media":93974,"comment_status":"","ping_status":"","sticky":false,"template":"","format":"standard","meta":{"footnotes":""},"categories":[5],"tags":[159,6786,22,23,26,27,17,21,4297,24,25,28,29,15,16,18,34,11099,31,33,32,30,19,20],"class_list":{"0":"post-93973","1":"post","2":"type-post","3":"status-publish","4":"format-standard","5":"has-post-thumbnail","7":"category-rubriker","8":"tag-allsvenskan","9":"tag-bara-pa-offside-org","10":"tag-breaking-news","11":"tag-breakingnews","12":"tag-featured-news","13":"tag-featurednews","14":"tag-headlines","15":"tag-huvudnyheter","16":"tag-ifk-norrkoping","17":"tag-latest-news","18":"tag-latestnews","19":"tag-main-news","20":"tag-mainnews","21":"tag-news","22":"tag-nyheter","23":"tag-rubriker","24":"tag-se","25":"tag-supporterkultur","26":"tag-svenska","27":"tag-sverige","28":"tag-sweden","29":"tag-swedish","30":"tag-top-stories","31":"tag-topstories"},"share_on_mastodon":{"url":"https:\/\/pubeurope.com\/@se\/115642423458867269","error":""},"_links":{"self":[{"href":"https:\/\/www.europesays.com\/se\/wp-json\/wp\/v2\/posts\/93973","targetHints":{"allow":["GET"]}}],"collection":[{"href":"https:\/\/www.europesays.com\/se\/wp-json\/wp\/v2\/posts"}],"about":[{"href":"https:\/\/www.europesays.com\/se\/wp-json\/wp\/v2\/types\/post"}],"author":[{"embeddable":true,"href":"https:\/\/www.europesays.com\/se\/wp-json\/wp\/v2\/users\/2"}],"replies":[{"embeddable":true,"href":"https:\/\/www.europesays.com\/se\/wp-json\/wp\/v2\/comments?post=93973"}],"version-history":[{"count":0,"href":"https:\/\/www.europesays.com\/se\/wp-json\/wp\/v2\/posts\/93973\/revisions"}],"wp:featuredmedia":[{"embeddable":true,"href":"https:\/\/www.europesays.com\/se\/wp-json\/wp\/v2\/media\/93974"}],"wp:attachment":[{"href":"https:\/\/www.europesays.com\/se\/wp-json\/wp\/v2\/media?parent=93973"}],"wp:term":[{"taxonomy":"category","embeddable":true,"href":"https:\/\/www.europesays.com\/se\/wp-json\/wp\/v2\/categories?post=93973"},{"taxonomy":"post_tag","embeddable":true,"href":"https:\/\/www.europesays.com\/se\/wp-json\/wp\/v2\/tags?post=93973"}],"curies":[{"name":"wp","href":"https:\/\/api.w.org\/{rel}","templated":true}]}}