{"id":93994,"date":"2025-12-01T05:22:07","date_gmt":"2025-12-01T05:22:07","guid":{"rendered":"https:\/\/www.europesays.com\/se\/93994\/"},"modified":"2025-12-01T05:22:07","modified_gmt":"2025-12-01T05:22:07","slug":"trauman-i-barndomen-kan-bidra-till-svar-forlossning","status":"publish","type":"post","link":"https:\/\/www.europesays.com\/se\/93994\/","title":{"rendered":"Trauman i barndomen kan bidra till sv\u00e5r f\u00f6rlossning"},"content":{"rendered":"<p>\n                    De som har drabbats av flera trauman i barndomen riskerar att f\u00e5 mer komplicerade f\u00f6rlossningar. Det visar en ny studie fr\u00e5n Uppsala universitet. Foto: isabell H\u00f6jman\/TT\n            <\/p>\n<p class=\"article__sublead\">De som i barndomen har varit utsatta f\u00f6r flera traumatiska upplevelser kan f\u00e5 sv\u00e5rare f\u00f6rlossningar \u00e4n andra. De drabbas i h\u00f6gre utstr\u00e4ckning av exempelvis akut kejsarsnitt, havandeskapsf\u00f6rgiftning och stora bl\u00f6dningar. Det visar en ny studie fr\u00e5n Uppsala universitet.\u00a0<\/p>\n<p class=\"article__paragraph\">Kvinnor, ickebin\u00e4ra och transpersoner som i barndomen utsatts f\u00f6r flera trauman drabbas ofta av sv\u00e5rare f\u00f6rlossningar \u00e4n de som inte upplevt trauma som barn. De drabbas oftare av exempelvis akut kejsarsnitt, stora bl\u00f6dningar och havandeskapsf\u00f6rgiftning. De beh\u00f6ver ocks\u00e5 mer antibiotika \u00e4n andra. Det visar en ny studie fr\u00e5n Uppsala universitet som har f\u00f6ljt 1\u00a0253 kvinnor under graviditeten och fram till ett \u00e5r efter f\u00f6rlossningen.\u00a0<\/p>\n<p class=\"article__paragraph\">\u2013 V\u00e5rden beh\u00f6ver v\u00e5ga fr\u00e5ga kvinnor om h\u00e4ndelser som barn f\u00f6r att kunna ge de traumatiserade \u00f6kad uppm\u00e4rksamhet under graviditeten f\u00f6r att f\u00f6rebygga eller mildra de negativa f\u00f6ljderna efter f\u00f6rlossningen, s\u00e4ger <strong>Per Kristiansson<\/strong>, specialistl\u00e4kare i allm\u00e4nmedicin och adjungerad professor vid Uppsala universitet som har lett studien.<\/p>\n<p>Fyller i kunskapslucka\u00a0<\/p>\n<p class=\"article__paragraph\">Det har redan sedan tidigare funnits omfattande forskning kring hur h\u00e4ndelser och utsatthet i barndomen kan p\u00e5verka personer \u00e4ven i vuxen \u00e5lder, inte minst vad g\u00e4ller psykisk h\u00e4lsa, fattigdom och kognitiva utmaningar. D\u00e4remot har det forskats mindre kring hur trauman i barndomen kan p\u00e5verka senare f\u00f6rlossningar, n\u00e5got Uppsalastudien vill r\u00e5da bot p\u00e5.<\/p>\n<p class=\"article__paragraph\">I den nya studien fick kvinnor svara p\u00e5 tre fr\u00e5geformul\u00e4r som st\u00e4llde fr\u00e5gor kring barndomstrauman, hur deras f\u00f6rlossning gick, och huruvida de drabbades av komplikationer i samband med f\u00f6rlossningen. De trauman som fr\u00e5gorna g\u00e4llde r\u00f6rde bland annat fysiskt eller emotionellt trauma, fysisk eller emotionell f\u00f6rsummelse, liksom familj\u00e4r dysfunktion.<\/p>\n<p class=\"article__paragraph\">Kvinnorna delades in i grupper beroende p\u00e5 om de hade varit med om n\u00e5got trauma i barndomen, eller inte, samt om de hade varit med om flera trauman. 42 procent av de sin svarade uppgav att de hade utsatts f\u00f6r 0 trauman i barndomen, 46 procent uppgav 1\u20133 trauman och tolv procent uppgav fyra eller fler trauman i barndomen.\u00a0<\/p>\n<p>Fler trauman gav flest komplikationer<\/p>\n<p class=\"article__paragraph\">De som uppgav att de hade fyra eller fler trauman i barndomen hade generellt flesta komplikationer i f\u00f6rlossningen. I den gruppen var det fyra g\u00e5nger s\u00e5 m\u00e5nga som fick havandeskapsf\u00f6rgiftning j\u00e4mf\u00f6rt med de som inte hade upplevt n\u00e5got trauma i barndomen. Dubbelt s\u00e5 m\u00e5nga f\u00f6rl\u00f6stes med kejsarsnitt, och f\u00f6rekomsten av en stor bl\u00f6dning var mer \u00e4n tredubblad och tre g\u00e5nger s\u00e5 m\u00e5nga som beh\u00f6vde antibiotikabehandling. \u00a0<\/p>\n<p class=\"article__paragraph\">\u2013 Det var \u00f6verraskande att h\u00e4ndelser tidigt i livet kunde p\u00e5verka somatiska utfall vid f\u00f6rlossning och att det g\u00e4ller b\u00e5de utfall som r\u00f6r kvinnans egen kropp men \u00e4ven utfall d\u00e4r utomst\u00e5ende \u00e4r involverade, s\u00e4ger Per Kristiansson.<\/p>\n<p class=\"article__paragraph\">Artikeln Maternal adverse childhood experiences and perinatal outcomes: A retrospective inceptive cohort study<a href=\"https:\/\/journals.plos.org\/plosone\/article?id=10.1371\/journal.pone.0333366\" rel=\"nofollow noopener\" target=\"_blank\">g\u00e5r att ta del av h\u00e4r<\/a>, och <strong>Amanda Tro\u00ebng<\/strong>, <strong>Jessica Dolk<\/strong>, <strong>Marie-Therese Vinnars<\/strong>, <strong>Johan Hallqvist<\/strong>, Per Kristiansson \u00e4r f\u00f6rfattare.\u00a0<\/p>\n","protected":false},"excerpt":{"rendered":"De som har drabbats av flera trauman i barndomen riskerar att f\u00e5 mer komplicerade f\u00f6rlossningar. Det visar en&hellip;\n","protected":false},"author":2,"featured_media":93995,"comment_status":"","ping_status":"","sticky":false,"template":"","format":"standard","meta":{"footnotes":""},"categories":[69],"tags":[11102,4611,632,113,112,34,31,33,32,30,11103],"class_list":{"0":"post-93994","1":"post","2":"type-post","3":"status-publish","4":"format-standard","5":"has-post-thumbnail","7":"category-halsa","8":"tag-barndom","9":"tag-forlossning","10":"tag-forskning","11":"tag-halsa","12":"tag-health","13":"tag-se","14":"tag-svenska","15":"tag-sverige","16":"tag-sweden","17":"tag-swedish","18":"tag-trauma"},"share_on_mastodon":{"url":"https:\/\/pubeurope.com\/@se\/115642639429991178","error":""},"_links":{"self":[{"href":"https:\/\/www.europesays.com\/se\/wp-json\/wp\/v2\/posts\/93994","targetHints":{"allow":["GET"]}}],"collection":[{"href":"https:\/\/www.europesays.com\/se\/wp-json\/wp\/v2\/posts"}],"about":[{"href":"https:\/\/www.europesays.com\/se\/wp-json\/wp\/v2\/types\/post"}],"author":[{"embeddable":true,"href":"https:\/\/www.europesays.com\/se\/wp-json\/wp\/v2\/users\/2"}],"replies":[{"embeddable":true,"href":"https:\/\/www.europesays.com\/se\/wp-json\/wp\/v2\/comments?post=93994"}],"version-history":[{"count":0,"href":"https:\/\/www.europesays.com\/se\/wp-json\/wp\/v2\/posts\/93994\/revisions"}],"wp:featuredmedia":[{"embeddable":true,"href":"https:\/\/www.europesays.com\/se\/wp-json\/wp\/v2\/media\/93995"}],"wp:attachment":[{"href":"https:\/\/www.europesays.com\/se\/wp-json\/wp\/v2\/media?parent=93994"}],"wp:term":[{"taxonomy":"category","embeddable":true,"href":"https:\/\/www.europesays.com\/se\/wp-json\/wp\/v2\/categories?post=93994"},{"taxonomy":"post_tag","embeddable":true,"href":"https:\/\/www.europesays.com\/se\/wp-json\/wp\/v2\/tags?post=93994"}],"curies":[{"name":"wp","href":"https:\/\/api.w.org\/{rel}","templated":true}]}}