{"id":93996,"date":"2025-12-01T05:26:13","date_gmt":"2025-12-01T05:26:13","guid":{"rendered":"https:\/\/www.europesays.com\/se\/93996\/"},"modified":"2025-12-01T05:26:13","modified_gmt":"2025-12-01T05:26:13","slug":"i-insjon-har-clas-ohlson-inrattat-sitt-eget-lilla-overvakningsministerium-dala-demokraten-2","status":"publish","type":"post","link":"https:\/\/www.europesays.com\/se\/93996\/","title":{"rendered":"I Insj\u00f6n har Clas Ohlson inr\u00e4ttat sitt eget lilla \u00f6vervakningsministerium \u2013 Dala-Demokraten"},"content":{"rendered":"<p>Erik luktar svett och Johan har d\u00e5ligt kroppsspr\u00e5k.<\/p>\n<p>Detta \u00e4r en opinionstext.Tidningens h\u00e5llning \u00e4r oberoende socialdemokratisk.<\/p>\n<p>\u201dAnders tog p\u00e5 sig att prata med Erik om Svettlukt vet ej om han har gjort detta.\u201d\u202f\u00a0<\/p>\n<p>Det \u00e4r gement s i svettlukt till att b\u00f6rja med. <\/p>\n<p>Ska man klaga p\u00e5 sina anst\u00e4llda borde n\u00e5gon form av l\u00e4gstaniv\u00e5 p\u00e5 chefen vara att hen klarar av att skriva korrekt svenska. <\/p>\n<p>S\u00e5 h\u00f6ga krav har dock inte Clas Ohlson p\u00e5 sina chefer. Uppenbarligen. <\/p>\n<p><img decoding=\"async\" width=\"640\" height=\"427\" class=\"article-image article-image--unbound\" alt=\"Clas Ohlson, eller Lilla Stasi som kanske \u00e4r ett mer passande namn egentligen p\u00e5 f\u00f6retaget. \" src=\"https:\/\/www.europesays.com\/se\/wp-content\/uploads\/2025\/12\/1764566773_926_cf916b58-29fb-4280-bf8f-93676c993dad.jpg\"   loading=\"lazy\"\/><a class=\"article__lightbox-link\" href=\"https:\/\/static.bonniernews.se\/ba\/cf916b58-29fb-4280-bf8f-93676c993dad.jpg?width=1400&amp;format=pjpg&amp;auto=avif\" data-pswp-width=\"1400\" data-pswp-height=\"933\" data-pswp-caption=\"Clas Ohlson, eller Lilla Stasi som kanske \u00e4r ett mer passande namn egentligen p\u00e5 f\u00f6retaget.  Bild: Jesper Frisk\" data-pswp- rel=\"nofollow noopener\" target=\"_blank\">\u00d6ppna bild i helsk\u00e4rmsl\u00e4ge<\/a><\/p>\n<p class=\"txt-style-muted\" aria-hidden=\"true\">Clas Ohlson, eller Lilla Stasi som kanske \u00e4r ett mer passande namn egentligen p\u00e5 f\u00f6retaget. <\/p>\n<p class=\"article__figcaption-attribution txt-style-muted\">Bild: Jesper Frisk<\/p>\n<p><a class=\"article__content-link\" href=\"https:\/\/arbetet.se\/2025\/11\/26\/clas-ohlson-chefer-overvakade-anstalldas-toabesok-kansliga-uppgifter-lackte-fran-dator-pa-lagret\/?utm_medium=email&amp;utm_source=Ungapped&amp;utm_campaign=Nyhetstips%3a+Clas+Ohlson-chefer+registrerade+personalens+toabes%c3%b6k\" rel=\"nofollow noopener\" target=\"_blank\">Tidningen Arbetets avsl\u00f6jande<\/a> om f\u00f6retagets \u00f6vervakning av sina anst\u00e4llda och kulturen p\u00e5 lagret i Insj\u00f6n i Dalarna f\u00f6rv\u00e5nar f\u00f6rst\u00e5s inte n\u00e4r man vet att Clas Ohlson delvis har samma \u00e4gare som Furuvik, ni vet, <a class=\"article__content-link\" href=\"https:\/\/www.arbetarbladet.se\/2023-02-03\/furuviks-agare-borde-stallas-mot-vaggen\/\" rel=\"nofollow noopener\" target=\"_blank\">apm\u00f6rdarf\u00f6retaget<\/a>. <\/p>\n<p aria-disabled=\"true\" class=\"ad__preamble ad-text txt-style-muted txt-ui txt-ui--strong txt-ui-2\">Annons<\/p>\n<p aria-disabled=\"true\" class=\"ad__preamble ad-text txt-style-muted txt-ui txt-ui--strong txt-ui-2\">Annons<\/p>\n<p><strong>S\u00e5 h\u00e4r skriver <\/strong>man p\u00e5 Clas Ohlson om sina anst\u00e4llda kan Arbetet avsl\u00f6ja, som naturligtvis bytt ut namnen p\u00e5 de anst\u00e4llda:<\/p>\n<p>\u201dJohan L g\u00e5r i slowmotion. \u00c4r v\u00e4ldigt seg och har ett d\u00e5lig kroppspr\u00e5k. D\u00e5ligt engagemang. Blir feedback n\u00e4sta vecka.\u201d\u202f\u00a0<\/p>\n<p>\u201dAhmed fortsatt f\u00f6rvirrad och tankspridd. Gl\u00f6mde mobilen p\u00e5 toaletten.\u201d\u202f\u00a0<\/p>\n<p>\u201dAnders tog p\u00e5 sig att prata med Erik om Svettlukt vet ej om han har gjort detta.\u201d\u202f\u00a0<\/p>\n<p>Registren avsl\u00f6jades f\u00f6r fem \u00e5r sedan. Men ett f\u00f6retag med s\u00e5dan kultur beh\u00f6ver g\u00f6ra mer \u00e4n att radera filer. <\/p>\n<p>Det syns ocks\u00e5 tydligt att Clas Ohlson inte gjort n\u00e5got \u00e5t sin Stasi-kultur n\u00e4r Arbetet pratat med anst\u00e4llda p\u00e5 lagret i Insj\u00f6n:<\/p>\n<p>\u201dDen h\u00e4r \u00f6vervakningskulturen har \u00f6verlevt. De saknar tillit till personalen.\u201d<\/p>\n<p>Lagret \u00e4r tv-\u00f6vervakat f\u00e5r vi veta i Arbetets granskning, och \u00f6vervakningsbilderna visas p\u00e5 en stor sk\u00e4rm i rummet d\u00e4r de som ansvarar f\u00f6r produktionsstyrningen sitter. \u00a0<\/p>\n<blockquote class=\"article__blockquote\">\n<p class=\"article__blockquote-text txt-headline txt-headline-3\">Det Clas Ohlson uppvisar \u00e4r en total avhumanisering av de anst\u00e4llda. <\/p>\n<\/blockquote>\n<p><strong>N\u00e4r du <\/strong>anst\u00e4ller n\u00e5gon b\u00f6r du rimligen g\u00f6ra det f\u00f6r att du tror att det handlar om en individ som kan bidra till att lyfta ditt f\u00f6retag. Annars ska du avst\u00e5. <\/p>\n<p>Det som \u00e4r s\u00e5 m\u00e4rkligt med Clas Ohlson-registren och avsl\u00f6jandet om \u00f6vervakningskulturen \u00e4r att f\u00f6retaget inte verkar ta det hela p\u00e5 n\u00e5got st\u00f6rre allvar att d\u00f6ma av kommunikationschefens svar till Arbetet. Som kan summeras med \u201dH\u00e4r finns inget att se.\u201d. <\/p>\n<p><strong>Men det verkar<\/strong> finnas massor att titta p\u00e5 journalistiskt n\u00e4r det g\u00e4ller Clas Ohlson. Och det finns m\u00e5nga etiska fr\u00e5gor att avhandla. <\/p>\n<p aria-disabled=\"true\" class=\"ad__preamble ad-text txt-style-muted txt-ui txt-ui--strong txt-ui-2\">Annons<\/p>\n<p>Varf\u00f6r ser det d\u00e5 ut s\u00e5 h\u00e4r i Insj\u00f6n? <\/p>\n<p>D\u00e4rf\u00f6r att lagerh\u00e5llning idag \u00e4r en typ av verksamhet som f\u00f6r att skapa l\u00f6nsamhet optimeras. Ner p\u00e5 detaljniv\u00e5. <\/p>\n<p aria-disabled=\"true\" class=\"ad__preamble ad-text txt-style-muted txt-ui txt-ui--strong txt-ui-2\">Annons<\/p>\n<p>Hur m\u00e5nga g\u00e5nger en vara lyfts \u00e4r ofta kostnadsber\u00e4knat n\u00e4r det exempelvis g\u00e4ller varor med l\u00e5ga marginaler. Fler lyft \u00e4n n\u00f6dv\u00e4ndigt betyder att f\u00f6retagets marginaler p\u00e5 varan krymper ytterligare. Det g\u00f6r ocks\u00e5 vinsten till miljard\u00e4rerna som \u00e4ger Clas Ohlson och aktie\u00e4garna p\u00e5 b\u00f6rsen. <\/p>\n<p><strong>Att lagret <\/strong>i Insj\u00f6n av allt att d\u00f6ma sk\u00f6ts som ett \u00f6vervakningsministerium, har s\u00e5ledes sin naturliga f\u00f6rklaring. F\u00f6r att marginalerna ska vara s\u00e5 h\u00f6ga som m\u00f6jligt p\u00e5 varje vara m\u00e5ste on\u00f6diga moment skalas bort. <\/p>\n<p>I ett f\u00f6retag som ser sina anst\u00e4llda som ett problem, som n\u00e5got st\u00e5r i v\u00e4gen f\u00f6r vinsterna, avhumaniseras ocks\u00e5 m\u00e4nniskor p\u00e5 det h\u00e4r s\u00e4ttet. <\/p>\n<p>D\u00e5 \u00e4r den anst\u00e4lldes toalettbes\u00f6k n\u00e5got som beh\u00f6ver optimeras \u00e4ven det. <\/p>\n<p>Samtal med kollegorna \u00e4r inte en fr\u00e5ga om den psykosociala arbetsmilj\u00f6n utan en fr\u00e5ga om svinn av tid. <\/p>\n<p>Hur fort den anst\u00e4llde r\u00f6r sig \u00e4r i sin tur en fr\u00e5ga om hur mycket tiden kan kapas i r\u00f6relserna f\u00f6r att maximera anv\u00e4ndningen av den anst\u00e4llde. <\/p>\n<p><strong>Det Clas Ohlson <\/strong>uppvisar \u00e4r en total avhumanisering av de anst\u00e4llda. <\/p>\n<p>Vilken rimlig m\u00e4nniska vill arbeta f\u00f6r en s\u00e5dan arbetsgivare i framtiden? <\/p>\n<p>Ingen, f\u00f6rmodligen. <\/p>\n<p>Och det \u00e4r antagligen ocks\u00e5 Clas Ohlsons dr\u00f6m att <a class=\"article__content-link\" href=\"https:\/\/www.di.se\/live\/clas-ohlson-satsar-uppemot-450-miljoner-pa-utbyggnad-i-insjon\/\" rel=\"nofollow noopener\" target=\"_blank\">slippa h\u00e5lla sig med anst\u00e4llda<\/a> p\u00e5 lagret i Insj\u00f6n. <\/p>\n<p aria-disabled=\"true\" class=\"ad__preamble ad-text txt-style-muted txt-ui txt-ui--strong txt-ui-2\">Annons<\/p>\n<p>N\u00e4r det blir m\u00f6jligt att automatisera samtliga delar av verksamheten och anv\u00e4nda robotar, kommer Clas Ohlson f\u00f6rmodligen st\u00e5 f\u00f6rst i k\u00f6n f\u00f6r att k\u00f6pa in s\u00e5dana. <\/p>\n<p>Det kommer trots allt kapa bort b\u00e5de samtal och toabes\u00f6k helt i verksamheten. <\/p>\n<p><strong>Arbetsgivare som <\/strong>beter sig p\u00e5 det h\u00e4r s\u00e4ttet blir av allt att d\u00f6ma vanligare. I J\u00e4mtland skickade ICA Maxi f\u00f6rra \u00e5ret ut ett mail till de anst\u00e4llda och bad dem <a class=\"article__content-link\" href=\"https:\/\/www.op.se\/2024-06-27\/upprorda-kanslor-pa-ica-maxi-om-toabesok-pa-arbetstid\/\" rel=\"nofollow noopener\" target=\"_blank\">undvika toalettbes\u00f6k<\/a> under arbetstid. <\/p>\n<p aria-disabled=\"true\" class=\"ad__preamble ad-text txt-style-muted txt-ui txt-ui--strong txt-ui-2\">Annons<\/p>\n<p>Vi \u00e4r allts\u00e5 p\u00e5 v\u00e4g tillbaka till tiden f\u00f6re den stora gruvstrejken, d\u00e5 n\u00e4r gruvarbetarna p\u00e5 LKAB tog strid mot ackorden och f\u00f6r r\u00e4tten att vara m\u00e4nniska. <\/p>\n<p>F\u00f6r den avhumaniserande synen p\u00e5 arbetskraft som tycks vara del av Clas Ohlsons kultur \u00e4r inte ny. <\/p>\n<p>Den \u00e4r ur\u00e5ldrig. <\/p>\n<p>Det \u00e4r ocks\u00e5 d\u00e4rf\u00f6r ett medlemskap i facket \u00e4r s\u00e5 viktigt idag. <\/p>\n<p>Det \u00e4r trots allt det enda som st\u00e5r mellan dig och arbetsgivare som vill behandla dig som en maskin, en robot, ist\u00e4llet f\u00f6r en m\u00e4nniska. <\/p>\n<p class=\"lcl-resource__placeholder-text\">Inb\u00e4ddat inneh\u00e5ll<\/p>\n<p>\u00c4ndra inst\u00e4llningar<\/p>\n","protected":false},"excerpt":{"rendered":"Erik luktar svett och Johan har d\u00e5ligt kroppsspr\u00e5k. Detta \u00e4r en opinionstext.Tidningens h\u00e5llning \u00e4r oberoende socialdemokratisk. \u201dAnders tog&hellip;\n","protected":false},"author":2,"featured_media":93982,"comment_status":"","ping_status":"","sticky":false,"template":"","format":"standard","meta":{"footnotes":""},"categories":[65],"tags":[72,70,71,34,31,33,32,30],"class_list":{"0":"post-93996","1":"post","2":"type-post","3":"status-publish","4":"format-standard","5":"has-post-thumbnail","7":"category-ekonomi","8":"tag-business","9":"tag-economy","10":"tag-ekonomi","11":"tag-se","12":"tag-svenska","13":"tag-sverige","14":"tag-sweden","15":"tag-swedish"},"share_on_mastodon":{"url":"https:\/\/pubeurope.com\/@se\/115642655349756212","error":""},"_links":{"self":[{"href":"https:\/\/www.europesays.com\/se\/wp-json\/wp\/v2\/posts\/93996","targetHints":{"allow":["GET"]}}],"collection":[{"href":"https:\/\/www.europesays.com\/se\/wp-json\/wp\/v2\/posts"}],"about":[{"href":"https:\/\/www.europesays.com\/se\/wp-json\/wp\/v2\/types\/post"}],"author":[{"embeddable":true,"href":"https:\/\/www.europesays.com\/se\/wp-json\/wp\/v2\/users\/2"}],"replies":[{"embeddable":true,"href":"https:\/\/www.europesays.com\/se\/wp-json\/wp\/v2\/comments?post=93996"}],"version-history":[{"count":0,"href":"https:\/\/www.europesays.com\/se\/wp-json\/wp\/v2\/posts\/93996\/revisions"}],"wp:featuredmedia":[{"embeddable":true,"href":"https:\/\/www.europesays.com\/se\/wp-json\/wp\/v2\/media\/93982"}],"wp:attachment":[{"href":"https:\/\/www.europesays.com\/se\/wp-json\/wp\/v2\/media?parent=93996"}],"wp:term":[{"taxonomy":"category","embeddable":true,"href":"https:\/\/www.europesays.com\/se\/wp-json\/wp\/v2\/categories?post=93996"},{"taxonomy":"post_tag","embeddable":true,"href":"https:\/\/www.europesays.com\/se\/wp-json\/wp\/v2\/tags?post=93996"}],"curies":[{"name":"wp","href":"https:\/\/api.w.org\/{rel}","templated":true}]}}