{"id":94011,"date":"2025-12-01T05:42:15","date_gmt":"2025-12-01T05:42:15","guid":{"rendered":"https:\/\/www.europesays.com\/se\/94011\/"},"modified":"2025-12-01T05:42:15","modified_gmt":"2025-12-01T05:42:15","slug":"sommarjobb-medicinsk-sekreterare-kanslist-lanssjukhuset-region-kalmar-lan","status":"publish","type":"post","link":"https:\/\/www.europesays.com\/se\/94011\/","title":{"rendered":"Sommarjobb medicinsk sekreterare\/kanslist L\u00e4nssjukhuset | Region Kalmar L\u00e4n"},"content":{"rendered":"<p>Vi s\u00f6ker dig som \u00e4r utbildad medicinsk sekreterare och vill arbeta hos oss i sommar! Vi har en tydlig introduktion, samt uppl\u00e4rning i den verksamhet d\u00e4r just du ska arbeta s\u00e5 att du k\u00e4nner dig trygg och v\u00e4l omh\u00e4ndertagen i din roll.\u00a0<\/p>\n<p>Vi arbetar utifr\u00e5n ett \u00f6ppet , engagerat och kunnigt medarbetarskap f\u00f6r att kunna erbjuda den b\u00e4sta v\u00e5rden med patienten i fokus. Du f\u00e5r arbeta med kompetenta och engagerade medarbetare som \u00e4r stolta \u00f6ver sin arbetsplats.<\/p>\n<p>Om dig<\/p>\n<p>Vi s\u00f6ker dig som \u00e4r utbildad medicinsk sekreterare, l\u00e4karsekreterar -\/v\u00e5rdadministrat\u00f6rsutbildning. \u00c4r du under utbildning anst\u00e4lls du som kanslist. Det \u00e4r meriterande med tidigare erfarenhet inom h\u00e4lso- och sjukv\u00e5rd.\u00a0<\/p>\n<p>Stor vikt kommer att l\u00e4ggas vid personlig l\u00e4mplighet.<\/p>\n<p>V\u00e4nligen bifoga utbildningsbevis i din ans\u00f6kan, tills\u00e4ttning av tj\u00e4nster sker l\u00f6pande. V\u00e4lkommen med din ans\u00f6kan.<\/p>\n<p>Din framtida arbetsplats<\/p>\n<p>Det finns m\u00f6jlighet till placeringar vid olika enheter p\u00e5 L\u00e4nssjukhuset och Diagnostiskt centrum och n\u00e4r du registrerar din ans\u00f6kan f\u00e5r du ange vilken eller vilka kliniker du \u00e4r intresserad av att arbeta vid. Vill du veta mer om en specifik klinik eller har allm\u00e4nna fr\u00e5gor \u00e4r du v\u00e4lkommen att kontakta HR-enheten, se kontaktuppgifter nedan.<\/p>\n<p>V\u00e4lkommen med din ans\u00f6kan!<\/p>\n<p>L\u00e4nssjukhuset i Kalmar \u00e4r ett av tre sjukhus i Kalmar l\u00e4n. Sjukhuset \u00e4r ett akutsjukhus med specialistv\u00e5rd, f\u00f6rlossningsv\u00e5rd och BB. H\u00e4r arbetar drygt 2300 personer f\u00f6r att erbjuda god v\u00e5rd och h\u00f6g patients\u00e4kerhet till l\u00e4nets inv\u00e5nare. V\u00e5ra medarbetares st\u00e4ndiga utvecklingsarbete g\u00f6r att vi n\u00e5r goda resultat i flera olika nationella m\u00e4tningar. Sjukhuset ligger n\u00e4ra Kalmar centrum och Kalmarsund. <\/p>\n<p>Region Kalmar l\u00e4n ansvarar f\u00f6r h\u00e4lso- och sjukv\u00e5rd, tandv\u00e5rd, folkh\u00f6gskolor, kultur, kollektivtrafik och regional utveckling. Vi \u00e4r \u00f6ver 7 000 medarbetare som alla jobbar tillsammans f\u00f6r ett friskare, tryggare och rikare liv f\u00f6r l\u00e4nets inv\u00e5nare. Hos oss f\u00e5r du m\u00e5nga f\u00f6rm\u00e5ner och ett av Sveriges b\u00e4sta kollektivavtal. Vi m\u00f6ter m\u00e4nniskor i livets alla skeden och har ett meningsfullt och utvecklande arbete \u2013 varje dag.<\/p>\n<p><a href=\"https:\/\/regionkalmar.se\/jobb-och-karriar\/att-jobba-hos-oss\/\" rel=\"nofollow noopener\" target=\"_blank\">L\u00e4s mer om att arbeta i Region Kalmar l\u00e4n<\/a><\/p>\n<p>Region Kalmar l\u00e4n erbjuder alla medarbetare en anst\u00e4llning p\u00e5 100%. Om du arbetar deltid men \u00f6nskar arbeta heltid kan ut\u00f6kning av tj\u00e4nst erbjudas vid annan arbetsplats.<\/p>\n<p>Vi vill att du bifogar CV, personligt brev och f\u00f6r tj\u00e4nsten relevanta utbildningsbevis till din ans\u00f6kan. F\u00f6r att kvalitetss\u00e4kra rekryteringsprocessen i Region Kalmar l\u00e4n vill vi att du s\u00f6ker tj\u00e4nsten i v\u00e5rt rekryteringssystem och inte via e-post eller i pappersformat.<\/p>\n<p>Vi tar g\u00e4rna emot samtal fr\u00e5n dig som \u00e4r intresserad av jobbet men tackar nej till dig som s\u00e4ljer annonser och rekryteringstj\u00e4nster.<\/p>\n<p>            Om tj\u00e4nsten<\/p>\n<p>Referensnummer:2025\/941<\/p>\n<p>Placering\/enhet:L\u00e4nssjukhuset i Kalmar<\/p>\n<p>Anst\u00e4llningsform:Tidsbegr\u00e4nsad anst\u00e4llning<\/p>\n<p>Anst\u00e4llningstid:Tidsbegr\u00e4nsad<\/p>\n<p>Syssels\u00e4ttningsgrad:Heltid  100%<\/p>\n<p>\n                Tilltr\u00e4de:Efter \u00f6verenskommelse<\/p>\n<p>L\u00f6n:Vi till\u00e4mpar individuell l\u00f6nes\u00e4ttning  <\/p>\n<p>Ans\u00f6k senast:2026-02-28<\/p>\n<p>Om du beh\u00f6ver hj\u00e4lp kan du kontakta v\u00e5r <a href=\"https:\/\/regionkalmar.se\/jobb-och-karriar\/sok-lediga-jobb\/sommarjobb-medicinsk-sekreterarekanslist-lanssjukhuset\/mailto:support@varbi.com\" rel=\"nofollow noopener\" target=\"_blank\">support.<\/a><\/p>\n<p>Telefon: 0520-58 00 50<\/p>\n<p>Telefontid vardagar 08:30-12:00 och 13:00-16:30<\/p>\n","protected":false},"excerpt":{"rendered":"Vi s\u00f6ker dig som \u00e4r utbildad medicinsk sekreterare och vill arbeta hos oss i sommar! Vi har en&hellip;\n","protected":false},"author":2,"featured_media":54627,"comment_status":"","ping_status":"","sticky":false,"template":"","format":"standard","meta":{"footnotes":""},"categories":[65],"tags":[72,70,71,34,31,33,32,30],"class_list":{"0":"post-94011","1":"post","2":"type-post","3":"status-publish","4":"format-standard","5":"has-post-thumbnail","7":"category-ekonomi","8":"tag-business","9":"tag-economy","10":"tag-ekonomi","11":"tag-se","12":"tag-svenska","13":"tag-sverige","14":"tag-sweden","15":"tag-swedish"},"share_on_mastodon":{"url":"https:\/\/pubeurope.com\/@se\/115642718254302061","error":""},"_links":{"self":[{"href":"https:\/\/www.europesays.com\/se\/wp-json\/wp\/v2\/posts\/94011","targetHints":{"allow":["GET"]}}],"collection":[{"href":"https:\/\/www.europesays.com\/se\/wp-json\/wp\/v2\/posts"}],"about":[{"href":"https:\/\/www.europesays.com\/se\/wp-json\/wp\/v2\/types\/post"}],"author":[{"embeddable":true,"href":"https:\/\/www.europesays.com\/se\/wp-json\/wp\/v2\/users\/2"}],"replies":[{"embeddable":true,"href":"https:\/\/www.europesays.com\/se\/wp-json\/wp\/v2\/comments?post=94011"}],"version-history":[{"count":0,"href":"https:\/\/www.europesays.com\/se\/wp-json\/wp\/v2\/posts\/94011\/revisions"}],"wp:featuredmedia":[{"embeddable":true,"href":"https:\/\/www.europesays.com\/se\/wp-json\/wp\/v2\/media\/54627"}],"wp:attachment":[{"href":"https:\/\/www.europesays.com\/se\/wp-json\/wp\/v2\/media?parent=94011"}],"wp:term":[{"taxonomy":"category","embeddable":true,"href":"https:\/\/www.europesays.com\/se\/wp-json\/wp\/v2\/categories?post=94011"},{"taxonomy":"post_tag","embeddable":true,"href":"https:\/\/www.europesays.com\/se\/wp-json\/wp\/v2\/tags?post=94011"}],"curies":[{"name":"wp","href":"https:\/\/api.w.org\/{rel}","templated":true}]}}