{"id":94042,"date":"2025-12-01T06:24:08","date_gmt":"2025-12-01T06:24:08","guid":{"rendered":"https:\/\/www.europesays.com\/se\/94042\/"},"modified":"2025-12-01T06:24:08","modified_gmt":"2025-12-01T06:24:08","slug":"verve-group-visar-okat-intresse-for-black-week-2025","status":"publish","type":"post","link":"https:\/\/www.europesays.com\/se\/94042\/","title":{"rendered":"Verve Group visar \u00f6kat intresse f\u00f6r Black Week 2025"},"content":{"rendered":"<p class=\"css-176tai e10i1bew2\">Enligt f\u00e4rsk statistik fr\u00e5n svenska Verve Group som tillhandah\u00e5ller AI-drivna mjukvarul\u00f6sningar f\u00f6r annonsering har intresset f\u00f6r Black Week nu g\u00e5tt om julhandeln.<\/p>\n<p class=\"css-176tai e10i1bew2\">Framf\u00f6rallt har konsumenternas intresse \u00f6kat markant. J\u00e4mf\u00f6rt med 2024 har och klicken p\u00e5 annonser under Black Week \u00f6kat med 18 procent.<\/p>\n<p class=\"css-176tai e10i1bew2\">\u2013 Den verkligt p\u00e5tagliga\u00a0engagemangstoppen sker under uppv\u00e4rmningen inf\u00f6r f\u00f6re Black Friday, n\u00e4r konsumenterna b\u00f6rjar reagera p\u00e5 den \u00f6kade annonsvolymen innan de hinner bli \u201dannonstr\u00f6tta\u201d. Konsumenterna \u00e4r genuint nyfikna och b\u00f6rjar kolla in de f\u00f6rsta Black Friday-relaterade erbjudandena, s\u00e4ger Alex Stil, chief commericial officer p\u00e5 Verve Group.<\/p>\n<p class=\"css-176tai e10i1bew2\">Siffrorna som baserat p\u00e5 annonsering annonseringar i 64 000 olika appar. visar \u00e4ven p\u00e5 ett \u00f6kat intresse bland handlarna och <\/p>\n<p class=\"css-176tai e10i1bew2\"><strong>L\u00c4S OCKS\u00c5: <\/strong><strong><a href=\"https:\/\/www.market.se\/retailtrender\/framtidens-teknik\/experten-darfor-dissar-svenskarna-google-ai-mode\/\" rel=\"nofollow noopener\" target=\"_blank\">Experten: D\u00e4rf\u00f6r dissar svenskarna Google AI Mode<\/a><\/strong><\/p>\n","protected":false},"excerpt":{"rendered":"Enligt f\u00e4rsk statistik fr\u00e5n svenska Verve Group som tillhandah\u00e5ller AI-drivna mjukvarul\u00f6sningar f\u00f6r annonsering har intresset f\u00f6r Black Week&hellip;\n","protected":false},"author":2,"featured_media":94043,"comment_status":"","ping_status":"","sticky":false,"template":"","format":"standard","meta":{"footnotes":""},"categories":[65],"tags":[72,70,71,34,31,33,32,30],"class_list":{"0":"post-94042","1":"post","2":"type-post","3":"status-publish","4":"format-standard","5":"has-post-thumbnail","7":"category-ekonomi","8":"tag-business","9":"tag-economy","10":"tag-ekonomi","11":"tag-se","12":"tag-svenska","13":"tag-sverige","14":"tag-sweden","15":"tag-swedish"},"share_on_mastodon":{"url":"https:\/\/pubeurope.com\/@se\/115642883403909208","error":""},"_links":{"self":[{"href":"https:\/\/www.europesays.com\/se\/wp-json\/wp\/v2\/posts\/94042","targetHints":{"allow":["GET"]}}],"collection":[{"href":"https:\/\/www.europesays.com\/se\/wp-json\/wp\/v2\/posts"}],"about":[{"href":"https:\/\/www.europesays.com\/se\/wp-json\/wp\/v2\/types\/post"}],"author":[{"embeddable":true,"href":"https:\/\/www.europesays.com\/se\/wp-json\/wp\/v2\/users\/2"}],"replies":[{"embeddable":true,"href":"https:\/\/www.europesays.com\/se\/wp-json\/wp\/v2\/comments?post=94042"}],"version-history":[{"count":0,"href":"https:\/\/www.europesays.com\/se\/wp-json\/wp\/v2\/posts\/94042\/revisions"}],"wp:featuredmedia":[{"embeddable":true,"href":"https:\/\/www.europesays.com\/se\/wp-json\/wp\/v2\/media\/94043"}],"wp:attachment":[{"href":"https:\/\/www.europesays.com\/se\/wp-json\/wp\/v2\/media?parent=94042"}],"wp:term":[{"taxonomy":"category","embeddable":true,"href":"https:\/\/www.europesays.com\/se\/wp-json\/wp\/v2\/categories?post=94042"},{"taxonomy":"post_tag","embeddable":true,"href":"https:\/\/www.europesays.com\/se\/wp-json\/wp\/v2\/tags?post=94042"}],"curies":[{"name":"wp","href":"https:\/\/api.w.org\/{rel}","templated":true}]}}