{"id":94050,"date":"2025-12-01T06:36:09","date_gmt":"2025-12-01T06:36:09","guid":{"rendered":"https:\/\/www.europesays.com\/se\/94050\/"},"modified":"2025-12-01T06:36:09","modified_gmt":"2025-12-01T06:36:09","slug":"nato-kan-skarpa-linjen-mot-ryska-hybridhot","status":"publish","type":"post","link":"https:\/\/www.europesays.com\/se\/94050\/","title":{"rendered":"Nato kan sk\u00e4rpa linjen mot ryska hybridhot"},"content":{"rendered":"<p class=\"\">Enligt Dragone diskuterar Nato hur de kan g\u00e5 fr\u00e5n att fr\u00e4mst reagera p\u00e5 ryska aktiviteter till att agera mer proaktivt. Det nuvarande f\u00f6rh\u00e5llningss\u00e4ttet, s\u00e4rskilt p\u00e5 cybersidan, \u00e4r i f\u00f6rsta hand defensivt.<\/p>\n<p class=\"\">&#8221;Vi studerar alla m\u00f6jligheter. P\u00e5 cyberomr\u00e5det \u00e4r vi i stort sett reaktiva. Att bli mer offensiva, eller \u00e5tminstone proaktiva, \u00e4r n\u00e5got vi \u00f6verv\u00e4ger&#8221;, sade han.<\/p>\n<p class=\"\">Europa har de senaste \u00e5ren drabbats av en rad incidenter kopplade till hybridkrigf\u00f6ring. Vissa har pekats ut som ryska operationer, andra har varit sv\u00e5rare att fastst\u00e4lla. De omfattar allt fr\u00e5n avskurna kablar i \u00d6stersj\u00f6n till omfattande cyberangrepp i flera europeiska l\u00e4nder.<\/p>\n<p class=\"\">Flera diplomater, s\u00e4rskilt fr\u00e5n \u00f6stra Europa, har d\u00e4rf\u00f6r uppmanat Nato att sluta begr\u00e4nsa sig till att svara i efterhand och i st\u00e4llet visa att angrepp kan f\u00e5 konsekvenser. Ett s\u00e5dant mer aktivt svar skulle vara enklast p\u00e5 cyberomr\u00e5det, d\u00e4r medlemsl\u00e4nder redan besitter offensiva verktyg, men betydligt sv\u00e5rare i fr\u00e5ga om sabotage eller intr\u00e5ng med dr\u00f6nare.<\/p>\n<p>Baltic Sentry<\/p>\n<p class=\"\">Dragone \u00f6ppnade f\u00f6r att \u00e4ven f\u00f6regripande insatser kan r\u00e4knas som defensiva i vissa situationer, men konstaterade att det skulle inneb\u00e4ra ett skifte i Natos traditionella t\u00e4nkande.<\/p>\n<p class=\"\">Han lyfte att det \u00e4ven finns hinder, b\u00e5de juridiska och organisatoriska, som m\u00e5ste tas med i ber\u00e4kningen innan alliansen kan agera mer kraftfullt. &#8221;Att svara mer offensivt \u00e4n v\u00e5r motpart \u00e4r ett alternativ, men d\u00e5 m\u00e5ste vi veta vilken r\u00e4ttslig ram som g\u00e4ller och vem som skulle utf\u00f6ra det&#8221;, sade han.<\/p>\n<p class=\"\">Ett omr\u00e5de d\u00e4r avskr\u00e4ckningen har fungerat, enligt Nato, \u00e4r den nya insatsen Baltic Sentry. Genom t\u00e4t patrullering med fartyg, flyg och marina dr\u00f6nare i \u00d6stersj\u00f6n har de lyckats s\u00e4tta stopp f\u00f6r de kabelkapningar som skedde 2023 och 2024 och som kopplats till ryska fartyg i den s\u00e5 kallade skuggflottan, som anv\u00e4nds f\u00f6r att runda v\u00e4stliga sanktioner.<\/p>\n<p class=\"\">&#8221;Sedan Baltic Sentry inleddes har inget h\u00e4nt. Det tyder p\u00e5 att avskr\u00e4ckningen fungerar&#8221;, sade Dragone.<\/p>\n<p class=\"\">Dragone betonade att Nato och dess medlemsl\u00e4nder har st\u00f6rre begr\u00e4nsningar \u00e4n Ryssland, inte minst p\u00e5 grund av etiska och juridiska krav. Det g\u00f6r l\u00e4get mer komplicerat, \u00e4ven om han inte ville beskriva det som en svaghet.<\/p>\n<p class=\"\">Det centrala, sade han, \u00e4r att s\u00e4kra avskr\u00e4ckningen inf\u00f6r framtiden. &#8221;Hur avskr\u00e4ckning ska uppn\u00e5s, genom vederg\u00e4llning eller genom att sl\u00e5 f\u00f6re, m\u00e5ste analyseras noggrant. Trycket p\u00e5 dessa fr\u00e5gor kan \u00f6ka i framtiden&#8221;, tillade han.<\/p>\n","protected":false},"excerpt":{"rendered":"Enligt Dragone diskuterar Nato hur de kan g\u00e5 fr\u00e5n att fr\u00e4mst reagera p\u00e5 ryska aktiviteter till att agera&hellip;\n","protected":false},"author":2,"featured_media":94051,"comment_status":"","ping_status":"","sticky":false,"template":"","format":"standard","meta":{"footnotes":""},"categories":[14],"tags":[22,23,26,27,17,21,24,25,28,29,15,16,18,34,31,33,32,30,19,20,51,52,53,54],"class_list":{"0":"post-94050","1":"post","2":"type-post","3":"status-publish","4":"format-standard","5":"has-post-thumbnail","7":"category-varlden","8":"tag-breaking-news","9":"tag-breakingnews","10":"tag-featured-news","11":"tag-featurednews","12":"tag-headlines","13":"tag-huvudnyheter","14":"tag-latest-news","15":"tag-latestnews","16":"tag-main-news","17":"tag-mainnews","18":"tag-news","19":"tag-nyheter","20":"tag-rubriker","21":"tag-se","22":"tag-svenska","23":"tag-sverige","24":"tag-sweden","25":"tag-swedish","26":"tag-top-stories","27":"tag-topstories","28":"tag-varlden","29":"tag-world","30":"tag-world-news","31":"tag-worldnews"},"share_on_mastodon":{"url":"https:\/\/pubeurope.com\/@se\/115642930562701324","error":""},"_links":{"self":[{"href":"https:\/\/www.europesays.com\/se\/wp-json\/wp\/v2\/posts\/94050","targetHints":{"allow":["GET"]}}],"collection":[{"href":"https:\/\/www.europesays.com\/se\/wp-json\/wp\/v2\/posts"}],"about":[{"href":"https:\/\/www.europesays.com\/se\/wp-json\/wp\/v2\/types\/post"}],"author":[{"embeddable":true,"href":"https:\/\/www.europesays.com\/se\/wp-json\/wp\/v2\/users\/2"}],"replies":[{"embeddable":true,"href":"https:\/\/www.europesays.com\/se\/wp-json\/wp\/v2\/comments?post=94050"}],"version-history":[{"count":0,"href":"https:\/\/www.europesays.com\/se\/wp-json\/wp\/v2\/posts\/94050\/revisions"}],"wp:featuredmedia":[{"embeddable":true,"href":"https:\/\/www.europesays.com\/se\/wp-json\/wp\/v2\/media\/94051"}],"wp:attachment":[{"href":"https:\/\/www.europesays.com\/se\/wp-json\/wp\/v2\/media?parent=94050"}],"wp:term":[{"taxonomy":"category","embeddable":true,"href":"https:\/\/www.europesays.com\/se\/wp-json\/wp\/v2\/categories?post=94050"},{"taxonomy":"post_tag","embeddable":true,"href":"https:\/\/www.europesays.com\/se\/wp-json\/wp\/v2\/tags?post=94050"}],"curies":[{"name":"wp","href":"https:\/\/api.w.org\/{rel}","templated":true}]}}