{"id":94081,"date":"2025-12-01T07:17:12","date_gmt":"2025-12-01T07:17:12","guid":{"rendered":"https:\/\/www.europesays.com\/se\/94081\/"},"modified":"2025-12-01T07:17:12","modified_gmt":"2025-12-01T07:17:12","slug":"sas-plan-uppdaterade-efter-storningar-hos-airbus-sakerheten-viktigast","status":"publish","type":"post","link":"https:\/\/www.europesays.com\/se\/94081\/","title":{"rendered":"SAS-plan uppdaterade efter st\u00f6rningar hos Airbus: \u201dS\u00e4kerheten viktigast\u201d"},"content":{"rendered":"<p class=\"kicker \" style=\"\">FARKOST<\/p>\n<p>\n        Mjukvara i flygplanstillverkaren Airbus A320-plan m\u00e5ste uppdateras efter en inicident orsakad av kraftig solstr\u00e5lning. Arkivbild.<br \/>\n        Johan Nilsson \/ TT\n    <\/p>\n<p>    Flygbolag \u00f6ver hela v\u00e4rlden har tvingats st\u00e4lla in flygningar med Airbus A 320 f\u00f6r att genomf\u00f6ra en n\u00f6dv\u00e4ndig uppdatering av mjukvaran. SAS meddelar att deras flyg g\u00e5r som normalt efter att ha installerat mjukvaran under natten.<\/p>\n<p>En incident med ett A320-plan nyligen har avsl\u00f6jat att kraftig solstr\u00e5lning kan leda till att kontrollen av flygplanet p\u00e5verkas. Sk\u00e4let \u00e4r att planets programvara inte fungerar som den ska, vilket den europeiska flygplanstillverkaren Airbus meddelade i fredags. <\/p>\n<p>A320 \u00e4r Airbus mest anv\u00e4nda flygplan med fler \u00e4n 11\u00a0000 i drift runt om i v\u00e4rlden. \u00d6ver 6\u00a0500 plan kan vara i behov av uppdateringen och f\u00e5r inte lyfta f\u00f6rr\u00e4n den \u00e4r genomf\u00f6rd. Det har lett till hundratals inst\u00e4llda flyg runt om i v\u00e4rlden med kanske st\u00f6rst p\u00e5verkan f\u00f6r resen\u00e4rer i USA d\u00e4r firandet av Thanksgiving inneb\u00e4r att m\u00e5nga \u00e4r p\u00e5 resande fot. <\/p>\n<p>Inga st\u00f6rningar<\/p>\n<p>Flygbolaget SAS skriver p\u00e5 l\u00f6rdagen att alla deras flyg kommer att g\u00e5 som vanligt. <\/p>\n<p>&#8221;Efter ett nytt Emergency Airworthiness Directive fr\u00e5n EASA som utf\u00e4rdades i g\u00e5r har SAS team arbetat flitigt under hela natten f\u00f6r att installera den n\u00f6dv\u00e4ndiga mjukvaran p\u00e5 alla ber\u00f6rda flygplan\u201d, skriver SAS:s kommunikationschef Alexandra Lindgren Kaoukji till TT. <\/p>\n<p>Enligt norska public service bolaget NRK har Norwegian inga plan av den aktuella modellen. Finnair uppger att man genomf\u00f6rt alla uppdateringar p\u00e5 de tolv ber\u00f6rda planen under natten till l\u00f6rdag och att alla flyg ska g\u00e5 som vanligt, rapporterar HBL. <\/p>\n<p>Ber om urs\u00e4kt<\/p>\n<p>K\u00e4llor med insyn i situationen s\u00e4ger till Bloomberg att merparten av flygplanen kan genomf\u00f6ra en enkel uppdatering fr\u00e5n cockpit. Men omkring 1\u00a0000 \u00e4ldre plan kommer att beh\u00f6va uppdatera \u00e4ven h\u00e5rdvara och vara ur trafik en l\u00e4ngre tid. <\/p>\n<p>I ett inl\u00e4gg p\u00e5 X p\u00e5 l\u00f6rdagen ber Airbus vd Guillaume Faury om urs\u00e4kt till flygbolag och passagerare som p\u00e5verkats av den oplanerade uppdateringen. <\/p>\n<p>\u201dMen vi anser att ingenting \u00e4r viktigare \u00e4n s\u00e4kerheten n\u00e4r m\u00e4nniskor flyger med ett av v\u00e5ra Airbus-flygplan, vilket miljontals m\u00e4nniskor g\u00f6r varje dag\u201d, skriver han. <\/p>\n","protected":false},"excerpt":{"rendered":"FARKOST Mjukvara i flygplanstillverkaren Airbus A320-plan m\u00e5ste uppdateras efter en inicident orsakad av kraftig solstr\u00e5lning. Arkivbild. Johan Nilsson&hellip;\n","protected":false},"author":2,"featured_media":94082,"comment_status":"","ping_status":"","sticky":false,"template":"","format":"standard","meta":{"footnotes":""},"categories":[65],"tags":[72,70,71,34,31,33,32,30],"class_list":{"0":"post-94081","1":"post","2":"type-post","3":"status-publish","4":"format-standard","5":"has-post-thumbnail","7":"category-ekonomi","8":"tag-business","9":"tag-economy","10":"tag-ekonomi","11":"tag-se","12":"tag-svenska","13":"tag-sverige","14":"tag-sweden","15":"tag-swedish"},"share_on_mastodon":{"url":"https:\/\/pubeurope.com\/@se\/115643091791432040","error":""},"_links":{"self":[{"href":"https:\/\/www.europesays.com\/se\/wp-json\/wp\/v2\/posts\/94081","targetHints":{"allow":["GET"]}}],"collection":[{"href":"https:\/\/www.europesays.com\/se\/wp-json\/wp\/v2\/posts"}],"about":[{"href":"https:\/\/www.europesays.com\/se\/wp-json\/wp\/v2\/types\/post"}],"author":[{"embeddable":true,"href":"https:\/\/www.europesays.com\/se\/wp-json\/wp\/v2\/users\/2"}],"replies":[{"embeddable":true,"href":"https:\/\/www.europesays.com\/se\/wp-json\/wp\/v2\/comments?post=94081"}],"version-history":[{"count":0,"href":"https:\/\/www.europesays.com\/se\/wp-json\/wp\/v2\/posts\/94081\/revisions"}],"wp:featuredmedia":[{"embeddable":true,"href":"https:\/\/www.europesays.com\/se\/wp-json\/wp\/v2\/media\/94082"}],"wp:attachment":[{"href":"https:\/\/www.europesays.com\/se\/wp-json\/wp\/v2\/media?parent=94081"}],"wp:term":[{"taxonomy":"category","embeddable":true,"href":"https:\/\/www.europesays.com\/se\/wp-json\/wp\/v2\/categories?post=94081"},{"taxonomy":"post_tag","embeddable":true,"href":"https:\/\/www.europesays.com\/se\/wp-json\/wp\/v2\/tags?post=94081"}],"curies":[{"name":"wp","href":"https:\/\/api.w.org\/{rel}","templated":true}]}}