{"id":94105,"date":"2025-12-01T07:45:21","date_gmt":"2025-12-01T07:45:21","guid":{"rendered":"https:\/\/www.europesays.com\/se\/94105\/"},"modified":"2025-12-01T07:45:21","modified_gmt":"2025-12-01T07:45:21","slug":"nedgang-vantas-pa-stockholmsborsen","status":"publish","type":"post","link":"https:\/\/www.europesays.com\/se\/94105\/","title":{"rendered":"Nedg\u00e5ng v\u00e4ntas p\u00e5 Stockholmsb\u00f6rsen"},"content":{"rendered":"<p>share-arrowDela<\/p>\n<p>unsaveSpara<\/p>\n<p>expand-left<\/p>\n<p>helsk\u00e4rm<img decoding=\"async\" class=\"image-asset hyperion-css-u06ts1\" data-test-tag=\"image-asset\" src=\"https:\/\/www.europesays.com\/se\/wp-content\/uploads\/2025\/12\/2bce82d6-347c-45fb-aeac-900578cab06a\"  alt=\"Stockholmsb\u00f6rsen v\u00e4ntas backa. Arkivbild.\"  loading=\"eager\" fetchpriority=\"high\" style=\"aspect-ratio:1900 \/ 1265\"\/>Stockholmsb\u00f6rsen v\u00e4ntas backa. Arkivbild. Foto: Fredrik Sandberg\/TT<\/p>\n<p class=\"hyperion-css-1shl3oz\" data-test-tag=\"lead-text\">Handelsveckan v\u00e4ntas inledas med en nedg\u00e5ng p\u00e5 Stockholmsb\u00f6rsen. Detta efter att bland annat Tokyob\u00f6rsen backar tydligt.<\/p>\n<p class=\"hyperion-css-1v9qo5x\">Enligt f\u00f6rhandeln p\u00e5 IG Markets v\u00e4ntas en nedg\u00e5ng p\u00e5 omkring 0,5 procent f\u00f6r Stockholmsb\u00f6rsen liksom motsvarigheten i Frankfurt.<\/p>\n<p class=\"hyperion-css-1v9qo5x\">Den negativa starten p\u00e5 b\u00f6rsveckan kommer efter att Tokyob\u00f6rsens Nikkei 225-index backar omkring 2 procent som konsekvens av svag ekonomisk data i form av ink\u00f6pschefsindex. Fr\u00e5n marknadsh\u00e5ll har dessutom f\u00f6rv\u00e4ntningarna \u00f6kat p\u00e5 att landets centralbank ska genomf\u00f6ra en r\u00e4nteh\u00f6jning den 19 december, n\u00e5got som traditionellt sett ses som negativt f\u00f6r marknaden.<\/p>\n<p class=\"hyperion-css-1v9qo5x\">I \u00f6vrigt har oljepriset stigit medan kryptovalutan bitcoin backar 5,3 procent. En bitcoin kostar nu 86\u00a0225 dollar.<\/p>\n","protected":false},"excerpt":{"rendered":"share-arrowDela unsaveSpara expand-left helsk\u00e4rmStockholmsb\u00f6rsen v\u00e4ntas backa. Arkivbild. Foto: Fredrik Sandberg\/TT Handelsveckan v\u00e4ntas inledas med en nedg\u00e5ng p\u00e5 Stockholmsb\u00f6rsen.&hellip;\n","protected":false},"author":2,"featured_media":94106,"comment_status":"","ping_status":"","sticky":false,"template":"","format":"standard","meta":{"footnotes":""},"categories":[65],"tags":[72,70,71,34,31,33,32,30],"class_list":{"0":"post-94105","1":"post","2":"type-post","3":"status-publish","4":"format-standard","5":"has-post-thumbnail","7":"category-ekonomi","8":"tag-business","9":"tag-economy","10":"tag-ekonomi","11":"tag-se","12":"tag-svenska","13":"tag-sverige","14":"tag-sweden","15":"tag-swedish"},"share_on_mastodon":{"url":"https:\/\/pubeurope.com\/@se\/115643201929679546","error":""},"_links":{"self":[{"href":"https:\/\/www.europesays.com\/se\/wp-json\/wp\/v2\/posts\/94105","targetHints":{"allow":["GET"]}}],"collection":[{"href":"https:\/\/www.europesays.com\/se\/wp-json\/wp\/v2\/posts"}],"about":[{"href":"https:\/\/www.europesays.com\/se\/wp-json\/wp\/v2\/types\/post"}],"author":[{"embeddable":true,"href":"https:\/\/www.europesays.com\/se\/wp-json\/wp\/v2\/users\/2"}],"replies":[{"embeddable":true,"href":"https:\/\/www.europesays.com\/se\/wp-json\/wp\/v2\/comments?post=94105"}],"version-history":[{"count":0,"href":"https:\/\/www.europesays.com\/se\/wp-json\/wp\/v2\/posts\/94105\/revisions"}],"wp:featuredmedia":[{"embeddable":true,"href":"https:\/\/www.europesays.com\/se\/wp-json\/wp\/v2\/media\/94106"}],"wp:attachment":[{"href":"https:\/\/www.europesays.com\/se\/wp-json\/wp\/v2\/media?parent=94105"}],"wp:term":[{"taxonomy":"category","embeddable":true,"href":"https:\/\/www.europesays.com\/se\/wp-json\/wp\/v2\/categories?post=94105"},{"taxonomy":"post_tag","embeddable":true,"href":"https:\/\/www.europesays.com\/se\/wp-json\/wp\/v2\/tags?post=94105"}],"curies":[{"name":"wp","href":"https:\/\/api.w.org\/{rel}","templated":true}]}}