{"id":94120,"date":"2025-12-01T08:01:28","date_gmt":"2025-12-01T08:01:28","guid":{"rendered":"https:\/\/www.europesays.com\/se\/94120\/"},"modified":"2025-12-01T08:01:28","modified_gmt":"2025-12-01T08:01:28","slug":"ska-ge-varde-for-pengarna","status":"publish","type":"post","link":"https:\/\/www.europesays.com\/se\/94120\/","title":{"rendered":"Ska ge v\u00e4rde f\u00f6r pengarna"},"content":{"rendered":"<p>Finansinspektionen varnar f\u00f6r att sparare riskerar att betala f\u00f6r tj\u00e4nster de inte f\u00e5r i storbankernas blandfonder. Fonderna \u00e4r ofta dyra och vissa kan vara dolda indexfonder \u2013 mar\u2026<\/p>\n<p>Omni \u00e4r politiskt obundna och oberoende. Vi str\u00e4var efter att ge fler perspektiv p\u00e5 nyheterna. Har du fr\u00e5gor eller synpunkter kring v\u00e5r rapportering? <a href=\"https:\/\/omniekonomi.se\/fi-varnar-for-blandfonder-ska-ge-varde-for-pengarna\/a\/mailto:eko@omni.se\" class=\"ArticleActions_contactLink__W2F1M\" rel=\"nofollow noopener\" target=\"_blank\">Kontakta redaktionen<\/a><\/p>\n","protected":false},"excerpt":{"rendered":"Finansinspektionen varnar f\u00f6r att sparare riskerar att betala f\u00f6r tj\u00e4nster de inte f\u00e5r i storbankernas blandfonder. Fonderna \u00e4r&hellip;\n","protected":false},"author":2,"featured_media":94121,"comment_status":"","ping_status":"","sticky":false,"template":"","format":"standard","meta":{"footnotes":""},"categories":[65],"tags":[338,72,70,71,339,5613,5040,34,1142,467,31,33,32,30],"class_list":{"0":"post-94120","1":"post","2":"type-post","3":"status-publish","4":"format-standard","5":"has-post-thumbnail","7":"category-ekonomi","8":"tag-bank","9":"tag-business","10":"tag-economy","11":"tag-ekonomi","12":"tag-finans-forsakring","13":"tag-finansinspektionen","14":"tag-fonder","15":"tag-se","16":"tag-sparande","17":"tag-stockholmsborsen","18":"tag-svenska","19":"tag-sverige","20":"tag-sweden","21":"tag-swedish"},"share_on_mastodon":{"url":"https:\/\/pubeurope.com\/@se\/115643264746558007","error":""},"_links":{"self":[{"href":"https:\/\/www.europesays.com\/se\/wp-json\/wp\/v2\/posts\/94120","targetHints":{"allow":["GET"]}}],"collection":[{"href":"https:\/\/www.europesays.com\/se\/wp-json\/wp\/v2\/posts"}],"about":[{"href":"https:\/\/www.europesays.com\/se\/wp-json\/wp\/v2\/types\/post"}],"author":[{"embeddable":true,"href":"https:\/\/www.europesays.com\/se\/wp-json\/wp\/v2\/users\/2"}],"replies":[{"embeddable":true,"href":"https:\/\/www.europesays.com\/se\/wp-json\/wp\/v2\/comments?post=94120"}],"version-history":[{"count":0,"href":"https:\/\/www.europesays.com\/se\/wp-json\/wp\/v2\/posts\/94120\/revisions"}],"wp:featuredmedia":[{"embeddable":true,"href":"https:\/\/www.europesays.com\/se\/wp-json\/wp\/v2\/media\/94121"}],"wp:attachment":[{"href":"https:\/\/www.europesays.com\/se\/wp-json\/wp\/v2\/media?parent=94120"}],"wp:term":[{"taxonomy":"category","embeddable":true,"href":"https:\/\/www.europesays.com\/se\/wp-json\/wp\/v2\/categories?post=94120"},{"taxonomy":"post_tag","embeddable":true,"href":"https:\/\/www.europesays.com\/se\/wp-json\/wp\/v2\/tags?post=94120"}],"curies":[{"name":"wp","href":"https:\/\/api.w.org\/{rel}","templated":true}]}}