{"id":94139,"date":"2025-12-01T08:17:16","date_gmt":"2025-12-01T08:17:16","guid":{"rendered":"https:\/\/www.europesays.com\/se\/94139\/"},"modified":"2025-12-01T08:17:16","modified_gmt":"2025-12-01T08:17:16","slug":"vanligaste-bilfargen-i-sverige-igen","status":"publish","type":"post","link":"https:\/\/www.europesays.com\/se\/94139\/","title":{"rendered":"Vanligaste bilf\u00e4rgen i Sverige \u2013 igen"},"content":{"rendered":"<p>Vit \u00e4r fortsatt Sveriges vanligaste bilf\u00e4rg. Totalt finns n\u00e4ra 1,2 miljoner vita personbilar registrerade i v\u00e4gtrafikregistret \u2013 vilket motsvarar cirka 19 procent av hela bilflottan. Tillsammans med svart och olika nyanser av gr\u00e5tt st\u00e5r de tre f\u00e4rgerna f\u00f6r tv\u00e5 tredjedelar av alla personbilar i landet.<\/p>\n<p>\u2013 M\u00e5nga tillverkare erbjuder neutrala f\u00e4rger som standard. Vill man ha n\u00e5got annat kostar det ofta extra, vilket kan p\u00e5verka valet, s\u00e4ger Mikael Andersson, presschef p\u00e5 Transportstyrelsen.<\/p>\n<p>Men \u00e4ven om de diskreta f\u00e4rgerna dominerar, syns vissa nya trender. Antalet gr\u00f6na bilar har \u00f6kat med 12,6 procent p\u00e5 tre \u00e5r, och orange kl\u00e4ttrar med 6 procent. Det g\u00f6r dem till de tydligaste f\u00e4rgtrenderna i \u00e5rets statistik. Samtidigt backar flera klassiska kul\u00f6rer \u2013 ljusgr\u00e5 har minskat med 12,5 procent och m\u00f6rkbl\u00e5 med 6,9 procent. Lila f\u00f6rblir den mest ovanliga f\u00e4rgen, med knappt 10 500 bilar i hela landet \u2013 motsvarande en av 600.<\/p>\n<p><a href=\"https:\/\/idg.digidip.net\/visit?url=https:\/\/via.tt.se\/pressmeddelande\/4164422\/vita-bilar-vanligast-i-sverige?publisherId=3235769&amp;lang=sv&amp;currurl=https:\/\/www.m3.se\/article\/2994693\/vanligaste-bilfargen-i-sverige-igen.html&amp;ref=9-1-2994693-1-0-0-0-0\" target=\"_blank\" rel=\"nofollow noopener\" data-subtag=\"9-1-2994693-1-0-0-0-0\" data-domain-name=\"tt\">Transportstyrelsen<\/a><\/p>\n","protected":false},"excerpt":{"rendered":"Vit \u00e4r fortsatt Sveriges vanligaste bilf\u00e4rg. Totalt finns n\u00e4ra 1,2 miljoner vita personbilar registrerade i v\u00e4gtrafikregistret \u2013 vilket&hellip;\n","protected":false},"author":2,"featured_media":94140,"comment_status":"","ping_status":"","sticky":false,"template":"","format":"standard","meta":{"footnotes":""},"categories":[65],"tags":[72,70,71,34,31,33,32,30],"class_list":{"0":"post-94139","1":"post","2":"type-post","3":"status-publish","4":"format-standard","5":"has-post-thumbnail","7":"category-ekonomi","8":"tag-business","9":"tag-economy","10":"tag-ekonomi","11":"tag-se","12":"tag-svenska","13":"tag-sverige","14":"tag-sweden","15":"tag-swedish"},"share_on_mastodon":{"url":"https:\/\/pubeurope.com\/@se\/115643327633166854","error":""},"_links":{"self":[{"href":"https:\/\/www.europesays.com\/se\/wp-json\/wp\/v2\/posts\/94139","targetHints":{"allow":["GET"]}}],"collection":[{"href":"https:\/\/www.europesays.com\/se\/wp-json\/wp\/v2\/posts"}],"about":[{"href":"https:\/\/www.europesays.com\/se\/wp-json\/wp\/v2\/types\/post"}],"author":[{"embeddable":true,"href":"https:\/\/www.europesays.com\/se\/wp-json\/wp\/v2\/users\/2"}],"replies":[{"embeddable":true,"href":"https:\/\/www.europesays.com\/se\/wp-json\/wp\/v2\/comments?post=94139"}],"version-history":[{"count":0,"href":"https:\/\/www.europesays.com\/se\/wp-json\/wp\/v2\/posts\/94139\/revisions"}],"wp:featuredmedia":[{"embeddable":true,"href":"https:\/\/www.europesays.com\/se\/wp-json\/wp\/v2\/media\/94140"}],"wp:attachment":[{"href":"https:\/\/www.europesays.com\/se\/wp-json\/wp\/v2\/media?parent=94139"}],"wp:term":[{"taxonomy":"category","embeddable":true,"href":"https:\/\/www.europesays.com\/se\/wp-json\/wp\/v2\/categories?post=94139"},{"taxonomy":"post_tag","embeddable":true,"href":"https:\/\/www.europesays.com\/se\/wp-json\/wp\/v2\/tags?post=94139"}],"curies":[{"name":"wp","href":"https:\/\/api.w.org\/{rel}","templated":true}]}}