{"id":94172,"date":"2025-12-01T08:43:13","date_gmt":"2025-12-01T08:43:13","guid":{"rendered":"https:\/\/www.europesays.com\/se\/94172\/"},"modified":"2025-12-01T08:43:13","modified_gmt":"2025-12-01T08:43:13","slug":"rektor-portar-foraldrar-fran-lucia-hanvisar-till-fn","status":"publish","type":"post","link":"https:\/\/www.europesays.com\/se\/94172\/","title":{"rendered":"Rektor portar f\u00f6r\u00e4ldrar fr\u00e5n lucia \u2013 h\u00e4nvisar till FN"},"content":{"rendered":"<p>Debatten om f\u00f6r\u00e4ldrar ska f\u00e5 vara p\u00e5 sina barns luciafiranden i skolan eller inte v\u00e4xer. P\u00e5 Kalkbrottets f\u00f6rskola i Malm\u00f6 \u00e4r svaret ett tydligt nej, rapporterar Aftonbladet. <\/p>\n<p>F\u00f6rskolans rektor, Kristin Lundin, menar att barnen m\u00e5r d\u00e5ligt av upptr\u00e4dandet och tar st\u00f6d f\u00f6r sitt beslut i FN:s barnkonvention. Hon menar att det \u00e4r f\u00f6r barnens b\u00e4sta. Men det f\u00e5r f\u00f6r\u00e4ldrar att rasa. <\/p>\n<p>\u2013 Det ska ju vara en stolt och mysig stund tillsammans. Jag vill kunna dela det med mina barn. Mina s\u00f6ner blev j\u00e4tteledsna \u00f6ver att vi inte fick komma och kolla, s\u00e4ger mamman Louise Hardemo till tidningen. <\/p>\n<p>Omni \u00e4r politiskt obundna och oberoende. Vi str\u00e4var efter att ge fler perspektiv p\u00e5 nyheterna. Har du fr\u00e5gor eller synpunkter kring v\u00e5r rapportering? <a href=\"https:\/\/omni.se\/rektor-portar-foraldrar-fran-lucia-hanvisar-till-fn\/a\/mailto:redaktion@omni.se\" class=\"ArticleActions_contactLink__W2F1M\" rel=\"nofollow noopener\" target=\"_blank\">Kontakta redaktionen<\/a><\/p>\n","protected":false},"excerpt":{"rendered":"Debatten om f\u00f6r\u00e4ldrar ska f\u00e5 vara p\u00e5 sina barns luciafiranden i skolan eller inte v\u00e4xer. P\u00e5 Kalkbrottets f\u00f6rskola&hellip;\n","protected":false},"author":2,"featured_media":94173,"comment_status":"","ping_status":"","sticky":false,"template":"","format":"standard","meta":{"footnotes":""},"categories":[12],"tags":[223,22,23,26,27,17,21,4426,24,25,11120,28,29,417,15,16,18,34,389,31,33,32,30,19,20],"class_list":{"0":"post-94172","1":"post","2":"type-post","3":"status-publish","4":"format-standard","5":"has-post-thumbnail","7":"category-sverige","8":"tag-barn-unga","9":"tag-breaking-news","10":"tag-breakingnews","11":"tag-featured-news","12":"tag-featurednews","13":"tag-headlines","14":"tag-huvudnyheter","15":"tag-jul","16":"tag-latest-news","17":"tag-latestnews","18":"tag-lucia","19":"tag-main-news","20":"tag-mainnews","21":"tag-malmo","22":"tag-news","23":"tag-nyheter","24":"tag-rubriker","25":"tag-se","26":"tag-skane-lan","27":"tag-svenska","28":"tag-sverige","29":"tag-sweden","30":"tag-swedish","31":"tag-top-stories","32":"tag-topstories"},"share_on_mastodon":{"url":"https:\/\/pubeurope.com\/@se\/115643429966804607","error":""},"_links":{"self":[{"href":"https:\/\/www.europesays.com\/se\/wp-json\/wp\/v2\/posts\/94172","targetHints":{"allow":["GET"]}}],"collection":[{"href":"https:\/\/www.europesays.com\/se\/wp-json\/wp\/v2\/posts"}],"about":[{"href":"https:\/\/www.europesays.com\/se\/wp-json\/wp\/v2\/types\/post"}],"author":[{"embeddable":true,"href":"https:\/\/www.europesays.com\/se\/wp-json\/wp\/v2\/users\/2"}],"replies":[{"embeddable":true,"href":"https:\/\/www.europesays.com\/se\/wp-json\/wp\/v2\/comments?post=94172"}],"version-history":[{"count":0,"href":"https:\/\/www.europesays.com\/se\/wp-json\/wp\/v2\/posts\/94172\/revisions"}],"wp:featuredmedia":[{"embeddable":true,"href":"https:\/\/www.europesays.com\/se\/wp-json\/wp\/v2\/media\/94173"}],"wp:attachment":[{"href":"https:\/\/www.europesays.com\/se\/wp-json\/wp\/v2\/media?parent=94172"}],"wp:term":[{"taxonomy":"category","embeddable":true,"href":"https:\/\/www.europesays.com\/se\/wp-json\/wp\/v2\/categories?post=94172"},{"taxonomy":"post_tag","embeddable":true,"href":"https:\/\/www.europesays.com\/se\/wp-json\/wp\/v2\/tags?post=94172"}],"curies":[{"name":"wp","href":"https:\/\/api.w.org\/{rel}","templated":true}]}}