{"id":94215,"date":"2025-12-01T09:25:09","date_gmt":"2025-12-01T09:25:09","guid":{"rendered":"https:\/\/www.europesays.com\/se\/94215\/"},"modified":"2025-12-01T09:25:09","modified_gmt":"2025-12-01T09:25:09","slug":"odd-fellow-firar-125-ar-i-pitea","status":"publish","type":"post","link":"https:\/\/www.europesays.com\/se\/94215\/","title":{"rendered":"Odd Fellow firar 125 \u00e5r i Pite\u00e5"},"content":{"rendered":"<p>Br\u00f6dralogen nr.22 av Odd Fellow-orden firade den 15\/11-25 sin 125-\u00e5riga f\u00f6delsedag. Logen \u00e4r den f\u00f6rsta i landets norra h\u00e4lft.\u00a0Jubileet bestod av tre delar; en \u00f6ppen ceremoni med h\u00f6gtidligt altarbygge, d\u00e4refter en fantastisk musikstund med trio ledd av Micke Holm och sist, men inte minst, en mycket v\u00e4lsmakande jubileumsm\u00e5ltid tillagad och serverad av J\u00e4rnspisen.\u00a0En de<\/p>\n","protected":false},"excerpt":{"rendered":"Br\u00f6dralogen nr.22 av Odd Fellow-orden firade den 15\/11-25 sin 125-\u00e5riga f\u00f6delsedag. Logen \u00e4r den f\u00f6rsta i landets norra&hellip;\n","protected":false},"author":2,"featured_media":6748,"comment_status":"","ping_status":"","sticky":false,"template":"","format":"standard","meta":{"footnotes":""},"categories":[69],"tags":[113,112,34,31,33,32,30],"class_list":{"0":"post-94215","1":"post","2":"type-post","3":"status-publish","4":"format-standard","5":"has-post-thumbnail","7":"category-halsa","8":"tag-halsa","9":"tag-health","10":"tag-se","11":"tag-svenska","12":"tag-sverige","13":"tag-sweden","14":"tag-swedish"},"share_on_mastodon":{"url":"https:\/\/pubeurope.com\/@se\/115643595165459593","error":""},"_links":{"self":[{"href":"https:\/\/www.europesays.com\/se\/wp-json\/wp\/v2\/posts\/94215","targetHints":{"allow":["GET"]}}],"collection":[{"href":"https:\/\/www.europesays.com\/se\/wp-json\/wp\/v2\/posts"}],"about":[{"href":"https:\/\/www.europesays.com\/se\/wp-json\/wp\/v2\/types\/post"}],"author":[{"embeddable":true,"href":"https:\/\/www.europesays.com\/se\/wp-json\/wp\/v2\/users\/2"}],"replies":[{"embeddable":true,"href":"https:\/\/www.europesays.com\/se\/wp-json\/wp\/v2\/comments?post=94215"}],"version-history":[{"count":0,"href":"https:\/\/www.europesays.com\/se\/wp-json\/wp\/v2\/posts\/94215\/revisions"}],"wp:featuredmedia":[{"embeddable":true,"href":"https:\/\/www.europesays.com\/se\/wp-json\/wp\/v2\/media\/6748"}],"wp:attachment":[{"href":"https:\/\/www.europesays.com\/se\/wp-json\/wp\/v2\/media?parent=94215"}],"wp:term":[{"taxonomy":"category","embeddable":true,"href":"https:\/\/www.europesays.com\/se\/wp-json\/wp\/v2\/categories?post=94215"},{"taxonomy":"post_tag","embeddable":true,"href":"https:\/\/www.europesays.com\/se\/wp-json\/wp\/v2\/tags?post=94215"}],"curies":[{"name":"wp","href":"https:\/\/api.w.org\/{rel}","templated":true}]}}