{"id":94220,"date":"2025-12-01T09:29:12","date_gmt":"2025-12-01T09:29:12","guid":{"rendered":"https:\/\/www.europesays.com\/se\/94220\/"},"modified":"2025-12-01T09:29:12","modified_gmt":"2025-12-01T09:29:12","slug":"svenska-kraftnats-traineeprogram-svenska-kraftnat","status":"publish","type":"post","link":"https:\/\/www.europesays.com\/se\/94220\/","title":{"rendered":"Svenska kraftn\u00e4ts traineeprogram | Svenska kraftn\u00e4t"},"content":{"rendered":"<p>&#13;<br \/>\n                &#13;<br \/>\n&#13;<br \/>\n&#13;<br \/>\n&#13;<br \/>\n&#13;<br \/>\n&#13;<br \/>\n&#13;<br \/>\n&#13;<br \/>\n&#13;<br \/>\n&#13;<\/p>\n<p class=\"lead\">Som trainee hos oss blir du en del av v\u00e5r tids stora samh\u00e4llsbygge. V\u00e5rt v\u00e4letablerade traineeprogram ger dig en unik m\u00f6jlighet att utvecklas b\u00e5de i din framtida yrkesroll och som person under ett helt \u00e5r.<\/p>\n<p>&#13;<\/p>\n<p>Traineeprogrammet erbjuder dig en bra \u00f6verg\u00e5ng fr\u00e5n studier till arbetslivet. H\u00e4r f\u00e5r du m\u00f6jlighet att bidra fr\u00e5n dag ett och omvandla din utbildning till praktiskt arbete och erfarenhet. Under ett helt \u00e5r varvar du arbete med utbildning och personlig utveckling. Dessutom f\u00e5r du en gedigen introduktion till Svenska kraftn\u00e4t och flera utbildningar inom v\u00e5r verksamhet.<\/p>\n<p>Hos oss f\u00e5r du en trygg och dynamisk arbetsplats med stora utvecklingsm\u00f6jligheter, d\u00e4r du tillsammans med kompetenta och trevliga kollegor verkligen g\u00f6r skillnad f\u00f6r ett h\u00e5llbart och lysande Sverige.<\/p>\n<p>Vem riktar sig traineeprogrammet till?<\/p>\n<p>Traineeprogrammet riktar sig till dig som \u00e4r nyutexaminerad eller har h\u00f6gst tv\u00e5 \u00e5rs arbetslivserfarenhet och vill bidra till Svenska kraftn\u00e4ts verksamhet med din kunskap.<\/p>\n<p>V\u00e5ra tidigare traineer arbetar idag inom m\u00e5nga olika arbetsomr\u00e5den hos oss, s\u00e5 som kraftsystemanalys, samh\u00e4llsbyggnad, IT, elmarknad, milj\u00f6, internationella fr\u00e5gor, projektledning och verksamhetsutveckling.<\/p>\n<p>&#13;<br \/>\n            &#13;<br \/>\n                Svenska kraftn\u00e4ts traineeprogram erbjuder dig:&#13;<br \/>\n                &#13;<br \/>\n            &#13;\n        <\/p>\n<p>Utbildningar<\/p>\n<p>Genom olika utbildningar inom ledarskap, retorik och grupputveckling tillsammans med andra traineerna f\u00e5r du en unik m\u00f6jlighet till personlig utveckling.<\/p>\n<p>Anpassat traineeprogram<\/p>\n<p>Som trainee f\u00e5r du stor m\u00f6jlighet att p\u00e5verka studiebes\u00f6k och utbildningsinsatser under \u00e5ret, vilket g\u00f6r att du till viss del kan utforma programmet utifr\u00e5n din egen kompetens, erfarenhet och intresse. Detta inneb\u00e4r att programmet kan se lite olika ut fr\u00e5n \u00e5r till \u00e5r.<\/p>\n<p>Inblick i olika delar av verksamheten<\/p>\n<p>Inblicken i flera verksamhetsdelar ger dig en god grund att utveckla dig sj\u00e4lv och v\u00e5r verksamhet. Samtidigt f\u00e5r du m\u00f6jlighet att utveckla ett stort och brett n\u00e4tverk.<\/p>\n<p>Studiebes\u00f6k<\/p>\n<p>Genom utbildningar, f\u00f6redrag och studiebes\u00f6k, b\u00e5de internt och externt, f\u00e5r du st\u00f6rre f\u00f6rst\u00e5else f\u00f6r energibranschen i stort, samt ett v\u00e4rdefullt kontaktn\u00e4t.<\/p>\n<p>Anst\u00e4llning<\/p>\n<p>Du erbjuds en tillsvidareanst\u00e4llning med 6 m\u00e5naders provanst\u00e4llning.<\/p>\n<p>Gemenskap<\/p>\n<p>V\u00e5ra traineegrupper brukar bli ett sammansvetsat g\u00e4ng med stark gemenskap, och under \u00e5rets g\u00e5ng kommer du att l\u00e4ra k\u00e4nna m\u00e5nga medarbetare fr\u00e5n olika delar av v\u00e5r verksamhet. V\u00e5r viktigaste resurs \u00e4r v\u00e5ra medarbetare och m\u00e5nga k\u00e4nner en stolthet \u00f6ver att jobba h\u00e4r och bidra till n\u00e5got st\u00f6rre.\u00a0<\/p>\n<p>Programmet uppdateras l\u00f6pande och f\u00f6r\u00e4ndringar kan komma att ske.\u00a0<\/p>\n<p>N\u00e4sta traineeprogram<\/p>\n<p>N\u00e4sta traineeprogram startar i september 2026. Ans\u00f6kningsperioden \u00f6ppnar i december 2025, h\u00e5ll utkik h\u00e4r p\u00e5 sidan!<\/p>\n<p>&#13;<br \/>\n                &#13;<br \/>\n&#13;<br \/>\n&#13;<\/p>\n","protected":false},"excerpt":{"rendered":"&#13; &#13; &#13; &#13; &#13; &#13; &#13; &#13; &#13; &#13; &#13; Som trainee hos oss blir du en&hellip;\n","protected":false},"author":2,"featured_media":25178,"comment_status":"","ping_status":"","sticky":false,"template":"","format":"standard","meta":{"footnotes":""},"categories":[65],"tags":[72,70,71,34,31,33,32,30],"class_list":{"0":"post-94220","1":"post","2":"type-post","3":"status-publish","4":"format-standard","5":"has-post-thumbnail","7":"category-ekonomi","8":"tag-business","9":"tag-economy","10":"tag-ekonomi","11":"tag-se","12":"tag-svenska","13":"tag-sverige","14":"tag-sweden","15":"tag-swedish"},"share_on_mastodon":{"url":"https:\/\/pubeurope.com\/@se\/115643610786794417","error":""},"_links":{"self":[{"href":"https:\/\/www.europesays.com\/se\/wp-json\/wp\/v2\/posts\/94220","targetHints":{"allow":["GET"]}}],"collection":[{"href":"https:\/\/www.europesays.com\/se\/wp-json\/wp\/v2\/posts"}],"about":[{"href":"https:\/\/www.europesays.com\/se\/wp-json\/wp\/v2\/types\/post"}],"author":[{"embeddable":true,"href":"https:\/\/www.europesays.com\/se\/wp-json\/wp\/v2\/users\/2"}],"replies":[{"embeddable":true,"href":"https:\/\/www.europesays.com\/se\/wp-json\/wp\/v2\/comments?post=94220"}],"version-history":[{"count":0,"href":"https:\/\/www.europesays.com\/se\/wp-json\/wp\/v2\/posts\/94220\/revisions"}],"wp:featuredmedia":[{"embeddable":true,"href":"https:\/\/www.europesays.com\/se\/wp-json\/wp\/v2\/media\/25178"}],"wp:attachment":[{"href":"https:\/\/www.europesays.com\/se\/wp-json\/wp\/v2\/media?parent=94220"}],"wp:term":[{"taxonomy":"category","embeddable":true,"href":"https:\/\/www.europesays.com\/se\/wp-json\/wp\/v2\/categories?post=94220"},{"taxonomy":"post_tag","embeddable":true,"href":"https:\/\/www.europesays.com\/se\/wp-json\/wp\/v2\/tags?post=94220"}],"curies":[{"name":"wp","href":"https:\/\/api.w.org\/{rel}","templated":true}]}}