{"id":94241,"date":"2025-12-01T09:46:16","date_gmt":"2025-12-01T09:46:16","guid":{"rendered":"https:\/\/www.europesays.com\/se\/94241\/"},"modified":"2025-12-01T09:46:16","modified_gmt":"2025-12-01T09:46:16","slug":"pressa-elnatsbolagen-med-skarpta-regler","status":"publish","type":"post","link":"https:\/\/www.europesays.com\/se\/94241\/","title":{"rendered":"Pressa eln\u00e4tsbolagen med sk\u00e4rpta regler"},"content":{"rendered":"<p class=\"boxtextgrotesk-root_baa6 hyperion-css-7pajle\">Uppdaterad 10.21 | Publicerad 09.39<\/p>\n<p>share-arrowDela<\/p>\n<p>unsaveSpara<\/p>\n<p>expand-left<\/p>\n<p>helsk\u00e4rm<img decoding=\"async\" class=\"image-asset hyperion-css-u06ts1\" data-test-tag=\"image-asset\" src=\"https:\/\/www.europesays.com\/se\/wp-content\/uploads\/2025\/12\/a0f7cc02-93c6-4fe6-8733-e079a6ac8134\"  alt=\"Socialdemokraternas energipolitiske talesperson Fredrik Olovsson. Arkivbild\"  loading=\"eager\" fetchpriority=\"high\" style=\"aspect-ratio:1900 \/ 1267\"\/>Socialdemokraternas energipolitiske talesperson Fredrik Olovsson. Arkivbild Foto: Henrik Montgomery\/TT<\/p>\n<p class=\"hyperion-css-1shl3oz\" data-test-tag=\"lead-text\">Socialdemokraterna kr\u00e4ver att reglerna f\u00f6r eln\u00e4tsbolagen sk\u00e4rps f\u00f6r att de inte hursomhelst ska kunna h\u00f6ja avgifterna.<\/p>\n<p class=\"hyperion-css-1v9qo5x\">\u2013 Eln\u00e4tskostnaderna \u00f6kar i alldeles f\u00f6r snabb takt, s\u00e4ger partiets energipolitiske talesperson Fredrik Olovsson p\u00e5 en presstr\u00e4ff.<\/p>\n<p class=\"hyperion-css-1v9qo5x\">Han radar upp det som S menar \u00e4r regeringens och <a data-test-tag=\"internal-link\" href=\"https:\/\/www.aftonbladet.se\/tagg\/sverigedemokraterna\" class=\"hyperion-css-15jkft9\" rel=\"nofollow noopener\" target=\"\" aria-label=\"Sverigedemokraternas\" theme=\"ekonomi\">Sverigedemokraternas<\/a> misslyckanden inom energipolitiken.<\/p>\n<p class=\"hyperion-css-1v9qo5x\">\u2013 Det kr\u00e4vs en tuffare prisreglering, s\u00e4ger Olovsson som ocks\u00e5 vill att inf\u00f6randet av de s\u00e5 kallade effekttarifferna skjuts upp.<\/p>\n<p class=\"hyperion-css-1v9qo5x\">Kraven p\u00e5 tuffare regler mot eln\u00e4tsbolagens avgiftsh\u00f6jningar kommer efter f\u00f6rra veckans besked fr\u00e5n <a data-test-tag=\"internal-link\" href=\"https:\/\/www.aftonbladet.se\/tagg\/vattenfall\" class=\"hyperion-css-15jkft9\" rel=\"nofollow noopener\" target=\"\" aria-label=\"Vattenfall\" theme=\"ekonomi\">Vattenfall<\/a> och Ellevio, om h\u00f6jningar av avgifterna med 14 respektive i genomsnitt 5 procent fr\u00e5n \u00e5rsskiftet.<\/p>\n<p class=\"hyperion-css-1v9qo5x\">S vill att Energimarknadsinspektionen (EI) f\u00e5r ett nytt uppdrag att granska bolagens avgiftsh\u00f6jningar och huruvida de motsvarar verkliga, \u00f6kade kostnader f\u00f6r investeringar i eln\u00e4ten, inte bara ytterligare vinstp\u00e5fyllning.<\/p>\n<p class=\"hyperion-css-1v9qo5x\">R\u00e4ttad version: I en tidigare version uppgavs fel f\u00f6retagsnamn. R\u00e4tt ska vara Ellevio.<\/p>\n","protected":false},"excerpt":{"rendered":"Uppdaterad 10.21 | Publicerad 09.39 share-arrowDela unsaveSpara expand-left helsk\u00e4rmSocialdemokraternas energipolitiske talesperson Fredrik Olovsson. Arkivbild Foto: Henrik Montgomery\/TT Socialdemokraterna&hellip;\n","protected":false},"author":2,"featured_media":94242,"comment_status":"","ping_status":"","sticky":false,"template":"","format":"standard","meta":{"footnotes":""},"categories":[65],"tags":[72,70,71,34,31,33,32,30],"class_list":{"0":"post-94241","1":"post","2":"type-post","3":"status-publish","4":"format-standard","5":"has-post-thumbnail","7":"category-ekonomi","8":"tag-business","9":"tag-economy","10":"tag-ekonomi","11":"tag-se","12":"tag-svenska","13":"tag-sverige","14":"tag-sweden","15":"tag-swedish"},"share_on_mastodon":{"url":"https:\/\/pubeurope.com\/@se\/115643677872464241","error":""},"_links":{"self":[{"href":"https:\/\/www.europesays.com\/se\/wp-json\/wp\/v2\/posts\/94241","targetHints":{"allow":["GET"]}}],"collection":[{"href":"https:\/\/www.europesays.com\/se\/wp-json\/wp\/v2\/posts"}],"about":[{"href":"https:\/\/www.europesays.com\/se\/wp-json\/wp\/v2\/types\/post"}],"author":[{"embeddable":true,"href":"https:\/\/www.europesays.com\/se\/wp-json\/wp\/v2\/users\/2"}],"replies":[{"embeddable":true,"href":"https:\/\/www.europesays.com\/se\/wp-json\/wp\/v2\/comments?post=94241"}],"version-history":[{"count":0,"href":"https:\/\/www.europesays.com\/se\/wp-json\/wp\/v2\/posts\/94241\/revisions"}],"wp:featuredmedia":[{"embeddable":true,"href":"https:\/\/www.europesays.com\/se\/wp-json\/wp\/v2\/media\/94242"}],"wp:attachment":[{"href":"https:\/\/www.europesays.com\/se\/wp-json\/wp\/v2\/media?parent=94241"}],"wp:term":[{"taxonomy":"category","embeddable":true,"href":"https:\/\/www.europesays.com\/se\/wp-json\/wp\/v2\/categories?post=94241"},{"taxonomy":"post_tag","embeddable":true,"href":"https:\/\/www.europesays.com\/se\/wp-json\/wp\/v2\/tags?post=94241"}],"curies":[{"name":"wp","href":"https:\/\/api.w.org\/{rel}","templated":true}]}}