{"id":94275,"date":"2025-12-01T10:13:13","date_gmt":"2025-12-01T10:13:13","guid":{"rendered":"https:\/\/www.europesays.com\/se\/94275\/"},"modified":"2025-12-01T10:13:13","modified_gmt":"2025-12-01T10:13:13","slug":"miljardorder-for-saab-litauen-bestaller-luftvarn","status":"publish","type":"post","link":"https:\/\/www.europesays.com\/se\/94275\/","title":{"rendered":"Miljardorder f\u00f6r Saab \u2013 Litauen best\u00e4ller luftv\u00e4rn"},"content":{"rendered":"<p>Publicerad 1 dec 2025 kl 09.16<\/p>\n<p>F\u00f6rsvarskoncernen Saab har f\u00e5tt en ny order fr\u00e5n Litauen g\u00e4llande luftv\u00e4rnssystem.\u00a0<\/p>\n<p>Morgonkoll: B\u00f6rsen i Japan backar \u2013 r\u00e4nteh\u00f6jning v\u00e4ntas<img   alt=\"\"\/><\/p>\n<p>Saabs vd Micael Johansson.<\/p>\n<p>Foto: ULF PALM \/ ULF PALM AB<\/p>\n<p>\u00d6ppna bild i helsk\u00e4rm<\/p>\n<p>Orderv\u00e4rdet uppg\u00e5r till 1,4 miljarder kronor med leveranser 2026-2030, uppger bolaget i ett pressmeddelande.<\/p>\n","protected":false},"excerpt":{"rendered":"Publicerad 1 dec 2025 kl 09.16 F\u00f6rsvarskoncernen Saab har f\u00e5tt en ny order fr\u00e5n Litauen g\u00e4llande luftv\u00e4rnssystem.\u00a0 Morgonkoll:&hellip;\n","protected":false},"author":2,"featured_media":94276,"comment_status":"","ping_status":"","sticky":false,"template":"","format":"standard","meta":{"footnotes":""},"categories":[5],"tags":[50,22,23,26,27,17,21,24,25,1600,28,29,15,16,410,18,34,31,33,32,30,19,49,20],"class_list":{"0":"post-94275","1":"post","2":"type-post","3":"status-publish","4":"format-standard","5":"has-post-thumbnail","7":"category-rubriker","8":"tag-arme-forsvar","9":"tag-breaking-news","10":"tag-breakingnews","11":"tag-featured-news","12":"tag-featurednews","13":"tag-headlines","14":"tag-huvudnyheter","15":"tag-latest-news","16":"tag-latestnews","17":"tag-location-litauen","18":"tag-main-news","19":"tag-mainnews","20":"tag-news","21":"tag-nyheter","22":"tag-organization-saab","23":"tag-rubriker","24":"tag-se","25":"tag-svenska","26":"tag-sverige","27":"tag-sweden","28":"tag-swedish","29":"tag-top-stories","30":"tag-topic-militar","31":"tag-topstories"},"share_on_mastodon":{"url":"https:\/\/pubeurope.com\/@se\/115643783787601421","error":""},"_links":{"self":[{"href":"https:\/\/www.europesays.com\/se\/wp-json\/wp\/v2\/posts\/94275","targetHints":{"allow":["GET"]}}],"collection":[{"href":"https:\/\/www.europesays.com\/se\/wp-json\/wp\/v2\/posts"}],"about":[{"href":"https:\/\/www.europesays.com\/se\/wp-json\/wp\/v2\/types\/post"}],"author":[{"embeddable":true,"href":"https:\/\/www.europesays.com\/se\/wp-json\/wp\/v2\/users\/2"}],"replies":[{"embeddable":true,"href":"https:\/\/www.europesays.com\/se\/wp-json\/wp\/v2\/comments?post=94275"}],"version-history":[{"count":0,"href":"https:\/\/www.europesays.com\/se\/wp-json\/wp\/v2\/posts\/94275\/revisions"}],"wp:featuredmedia":[{"embeddable":true,"href":"https:\/\/www.europesays.com\/se\/wp-json\/wp\/v2\/media\/94276"}],"wp:attachment":[{"href":"https:\/\/www.europesays.com\/se\/wp-json\/wp\/v2\/media?parent=94275"}],"wp:term":[{"taxonomy":"category","embeddable":true,"href":"https:\/\/www.europesays.com\/se\/wp-json\/wp\/v2\/categories?post=94275"},{"taxonomy":"post_tag","embeddable":true,"href":"https:\/\/www.europesays.com\/se\/wp-json\/wp\/v2\/tags?post=94275"}],"curies":[{"name":"wp","href":"https:\/\/api.w.org\/{rel}","templated":true}]}}