{"id":94280,"date":"2025-12-01T10:18:08","date_gmt":"2025-12-01T10:18:08","guid":{"rendered":"https:\/\/www.europesays.com\/se\/94280\/"},"modified":"2025-12-01T10:18:08","modified_gmt":"2025-12-01T10:18:08","slug":"regeringens-ansvar-att-kraftreserv-saknas","status":"publish","type":"post","link":"https:\/\/www.europesays.com\/se\/94280\/","title":{"rendered":"Regeringens ansvar att kraftreserv saknas"},"content":{"rendered":"<p>I torsdags meddelade regeringen att aff\u00e4rsverket Svenska kraftn\u00e4ts generaldirekt\u00f6r Per Eckemark f\u00e5r g\u00e5, efter bara sju m\u00e5nader som chef f\u00f6r verksamheten. N\u00e5got konkret sk\u00e4l har inte angetts ut\u00e5t men SVT har tagit del av mejl som Ebba Buschs statssekreterare skickat till Eckemark under h\u00f6sten d\u00e4r missn\u00f6je uttrycks om att Svenska kraftn\u00e4t inte lyckats upphandla en kraftreserv inf\u00f6r vintern.<\/p>\n<p>Socialdemokraterna h\u00e4vdar att det \u00e4r regeringen, inte Svenska kraftn\u00e4t och gd:n, som har ansvaret.<\/p>\n","protected":false},"excerpt":{"rendered":"I torsdags meddelade regeringen att aff\u00e4rsverket Svenska kraftn\u00e4ts generaldirekt\u00f6r Per Eckemark f\u00e5r g\u00e5, efter bara sju m\u00e5nader som&hellip;\n","protected":false},"author":2,"featured_media":94281,"comment_status":"","ping_status":"","sticky":false,"template":"","format":"standard","meta":{"footnotes":""},"categories":[65],"tags":[72,70,71,34,31,33,32,30],"class_list":{"0":"post-94280","1":"post","2":"type-post","3":"status-publish","4":"format-standard","5":"has-post-thumbnail","7":"category-ekonomi","8":"tag-business","9":"tag-economy","10":"tag-ekonomi","11":"tag-se","12":"tag-svenska","13":"tag-sverige","14":"tag-sweden","15":"tag-swedish"},"share_on_mastodon":{"url":"https:\/\/pubeurope.com\/@se\/115643803449997608","error":""},"_links":{"self":[{"href":"https:\/\/www.europesays.com\/se\/wp-json\/wp\/v2\/posts\/94280","targetHints":{"allow":["GET"]}}],"collection":[{"href":"https:\/\/www.europesays.com\/se\/wp-json\/wp\/v2\/posts"}],"about":[{"href":"https:\/\/www.europesays.com\/se\/wp-json\/wp\/v2\/types\/post"}],"author":[{"embeddable":true,"href":"https:\/\/www.europesays.com\/se\/wp-json\/wp\/v2\/users\/2"}],"replies":[{"embeddable":true,"href":"https:\/\/www.europesays.com\/se\/wp-json\/wp\/v2\/comments?post=94280"}],"version-history":[{"count":0,"href":"https:\/\/www.europesays.com\/se\/wp-json\/wp\/v2\/posts\/94280\/revisions"}],"wp:featuredmedia":[{"embeddable":true,"href":"https:\/\/www.europesays.com\/se\/wp-json\/wp\/v2\/media\/94281"}],"wp:attachment":[{"href":"https:\/\/www.europesays.com\/se\/wp-json\/wp\/v2\/media?parent=94280"}],"wp:term":[{"taxonomy":"category","embeddable":true,"href":"https:\/\/www.europesays.com\/se\/wp-json\/wp\/v2\/categories?post=94280"},{"taxonomy":"post_tag","embeddable":true,"href":"https:\/\/www.europesays.com\/se\/wp-json\/wp\/v2\/tags?post=94280"}],"curies":[{"name":"wp","href":"https:\/\/api.w.org\/{rel}","templated":true}]}}