{"id":94295,"date":"2025-12-01T10:32:15","date_gmt":"2025-12-01T10:32:15","guid":{"rendered":"https:\/\/www.europesays.com\/se\/94295\/"},"modified":"2025-12-01T10:32:15","modified_gmt":"2025-12-01T10:32:15","slug":"thomas-stenstrom-klar-for-furuvik-live","status":"publish","type":"post","link":"https:\/\/www.europesays.com\/se\/94295\/","title":{"rendered":"Thomas Stenstr\u00f6m klar f\u00f6r Furuvik Live"},"content":{"rendered":"<p>\n          Pressmeddelande &#8211;<br \/>\n 1 December 2025 10:27<\/p>\n<p>    Dela<\/p>\n<p>\n          L\u00e4nk kopierad!\n        <\/p>\n<p>          <a class=\"ghost-btn-with-icon svg-stroke\" rel=\"nofollow noopener\" aria-label=\"Ladda ned som PDF\" href=\"https:\/\/www.mynewsdesk.com\/se\/furuvik\/pressreleases\/thomas-stenstroem-klar-foer-furuvik-live-3419225.pdf\" target=\"_blank\"><\/p>\n<p>            Ladda ner<br \/>\n<\/a>      <\/p>\n<p><strong>Vi \u00e4r stolta \u00f6ver att v\u00e4lkomna en av Sveriges mest \u00e4lskade liveartister till sommarens konserts\u00e4song. <strong>Thomas Stenstr\u00f6m<\/strong> upptr\u00e4der p\u00e5 <strong>Furuvik Live l\u00f6rdag 29 augusti kl. 20.00<\/strong><\/strong>.<\/p>\n<p>Efter att under 2025 endast ha gjort en enda spelning i Sverige \u2013 den uts\u00e5lda konserten p\u00e5 Zinkensdamms IP i Stockholm d\u00e4r 15 000 personer samlades \u2013 \u00e4r Thomas Stenstr\u00f6m nu tillbaka f\u00f6r att inta scener runt om i landet igen.<\/p>\n<p>Under de senaste \u00e5ren har han etablerat sig som en av Sveriges mest uppskattade liveartister, hyllad f\u00f6r sin f\u00f6rm\u00e5ga att skapa en stark k\u00e4nsla av gemenskap, n\u00e4rvaro och musikalisk intensitet. Med det nya albumet SVERIGE, som sl\u00e4pptes tidigare i \u00e5r, knyter han ihop tv\u00e5 decennier av musik samtidigt som han markerar b\u00f6rjan p\u00e5 ett nytt kapitel.<\/p>\n<p>Det \u00e4r med stor f\u00f6rv\u00e4ntan vi v\u00e4lkomnar Thomas Stenstr\u00f6m till Furuvik Stora Scen. L\u00f6rdag 29 augusti. Publiken kan r\u00e4kna med en konsert fylld av n\u00e4rvaro, v\u00e4rme och musik som ber\u00f6r.<\/p>\n<p>Alla Furuviks konserter kan ses med Furuvikskortet, som s\u00e4ljs i Furuviks webbshop \u2013just nu med exklusivt erbjudande!<\/p>\n<p><strong>F\u00f6ljande konserter \u00e4r hittills bokade:<\/strong><\/p>\n<p>Dolly Style \u2013 14 maj kl 18.00 <\/p>\n<p>Smash into Pieces \u2013 5 juni kl. 20:00 <\/p>\n<p>Thomas Stenstr\u00f6m \u2013 29 augusti kl. 20:00<\/p>\n<p>F\u00f6r mer information kontakta Kajsa Str\u00f6mqvist: <a href=\"https:\/\/www.mynewsdesk.com\/se\/furuvik\/pressreleases\/mailto:kajsa.stromqvist@parksandresorts.com\" target=\"_blank\" rel=\"nofollow noopener\">kajsa.stromqvist@parksandresorts.com<\/a> <\/p>\n","protected":false},"excerpt":{"rendered":"Pressmeddelande &#8211; 1 December 2025 10:27 Dela L\u00e4nk kopierad! Ladda ner Vi \u00e4r stolta \u00f6ver att v\u00e4lkomna en&hellip;\n","protected":false},"author":2,"featured_media":94296,"comment_status":"","ping_status":"","sticky":false,"template":"","format":"standard","meta":{"footnotes":""},"categories":[67],"tags":[104,11132,6544,11131,1591,172,34,6543,31,33,32,30,11133,105],"class_list":{"0":"post-94295","1":"post","2":"type-post","3":"status-publish","4":"format-standard","5":"has-post-thumbnail","7":"category-underhallning","8":"tag-entertainment","9":"tag-furuvik","10":"tag-furuvik-live","11":"tag-furuviksparken","12":"tag-konsert","13":"tag-musik","14":"tag-se","15":"tag-stora-scen","16":"tag-svenska","17":"tag-sverige","18":"tag-sweden","19":"tag-swedish","20":"tag-thomas-stenstrom","21":"tag-underhallning"},"share_on_mastodon":{"url":"https:\/\/pubeurope.com\/@se\/115643858498950383","error":""},"_links":{"self":[{"href":"https:\/\/www.europesays.com\/se\/wp-json\/wp\/v2\/posts\/94295","targetHints":{"allow":["GET"]}}],"collection":[{"href":"https:\/\/www.europesays.com\/se\/wp-json\/wp\/v2\/posts"}],"about":[{"href":"https:\/\/www.europesays.com\/se\/wp-json\/wp\/v2\/types\/post"}],"author":[{"embeddable":true,"href":"https:\/\/www.europesays.com\/se\/wp-json\/wp\/v2\/users\/2"}],"replies":[{"embeddable":true,"href":"https:\/\/www.europesays.com\/se\/wp-json\/wp\/v2\/comments?post=94295"}],"version-history":[{"count":0,"href":"https:\/\/www.europesays.com\/se\/wp-json\/wp\/v2\/posts\/94295\/revisions"}],"wp:featuredmedia":[{"embeddable":true,"href":"https:\/\/www.europesays.com\/se\/wp-json\/wp\/v2\/media\/94296"}],"wp:attachment":[{"href":"https:\/\/www.europesays.com\/se\/wp-json\/wp\/v2\/media?parent=94295"}],"wp:term":[{"taxonomy":"category","embeddable":true,"href":"https:\/\/www.europesays.com\/se\/wp-json\/wp\/v2\/categories?post=94295"},{"taxonomy":"post_tag","embeddable":true,"href":"https:\/\/www.europesays.com\/se\/wp-json\/wp\/v2\/tags?post=94295"}],"curies":[{"name":"wp","href":"https:\/\/api.w.org\/{rel}","templated":true}]}}