{"id":94297,"date":"2025-12-01T10:34:16","date_gmt":"2025-12-01T10:34:16","guid":{"rendered":"https:\/\/www.europesays.com\/se\/94297\/"},"modified":"2025-12-01T10:34:16","modified_gmt":"2025-12-01T10:34:16","slug":"regeringens-ansvar-att-kraftreserv-saknas-2","status":"publish","type":"post","link":"https:\/\/www.europesays.com\/se\/94297\/","title":{"rendered":"Regeringens ansvar att kraftreserv saknas"},"content":{"rendered":"<p>share-arrowDela<\/p>\n<p>unsaveSpara<\/p>\n<p>expand-left<\/p>\n<p>helsk\u00e4rm<img decoding=\"async\" class=\"image-asset hyperion-css-u06ts1\" data-test-tag=\"image-asset\" src=\"https:\/\/www.europesays.com\/se\/wp-content\/uploads\/2025\/12\/9fc3ee74-6be9-4edf-879f-79f4ff95522c\"  alt=\"Svenska kraftn\u00e4ts generaldirekt\u00f6r Per Eckemark, som bara haft posten i sju m\u00e5nader, petades av regeringen i f\u00f6rra veckan. Arkivbild.\"  loading=\"eager\" fetchpriority=\"high\" style=\"aspect-ratio:1900 \/ 1305\"\/>Svenska kraftn\u00e4ts generaldirekt\u00f6r Per Eckemark, som bara haft posten i sju m\u00e5nader, petades av regeringen i f\u00f6rra veckan. Arkivbild. Foto: Johan Nilsson \/ TT<\/p>\n<p class=\"hyperion-css-1shl3oz\" data-test-tag=\"lead-text\">Det \u00e4r regeringen och energi- och n\u00e4ringsminister Ebba Busch (KD) som b\u00e4r ansvar f\u00f6r att Sverige \u00e4nnu saknar en kraftreserv att koppla in vid ett krisl\u00e4ge i vinter, inte Svenska kraftn\u00e4t.<\/p>\n<p class=\"hyperion-css-1shl3oz\" data-test-tag=\"lead-text\">Det anser Socialdemokraterna.<\/p>\n<p class=\"hyperion-css-1v9qo5x\">I torsdags meddelade regeringen att aff\u00e4rsverket Svenska kraftn\u00e4ts generaldirekt\u00f6r Per Eckemark f\u00e5r g\u00e5, efter bara sju m\u00e5nader som chef f\u00f6r verksamheten. N\u00e5got konkret sk\u00e4l har inte angetts ut\u00e5t men SVT har tagit del av mejl som Ebba Buschs statssekreterare skickat till Eckemark under h\u00f6sten d\u00e4r missn\u00f6je uttrycks om att Svenska kraftn\u00e4t inte lyckats upphandla en kraftreserv inf\u00f6r vintern.<\/p>\n<p class=\"hyperion-css-1v9qo5x\">Socialdemokraterna h\u00e4vdar att det \u00e4r regeringen, inte Svenska kraftn\u00e4t och gd:n, som har ansvaret.<\/p>\n<p class=\"hyperion-css-1v9qo5x\">\u2013 Dessutom ber\u00e4ttade generaldirekt\u00f6ren f\u00f6re sommaren i n\u00e4ringsutskottet att man informerade regeringen redan innan sommaren att det kunde bli problem med den h\u00e4r modellen (f\u00f6r upphandling), vilket det sedan ocks\u00e5 blev, s\u00e4ger Fredrik Olovsson, energipolitisk talesperson f\u00f6r S p\u00e5 en presstr\u00e4ff.<\/p>\n<p class=\"hyperion-css-1v9qo5x\">\u2013 Det \u00e4r f\u00f6rv\u00e5nansv\u00e4rt att Ebba Busch ser f\u00f6rv\u00e5nad ut n\u00e4r hon f\u00e5r veta att det sedan g\u00e5r \u00e5t skogen, det hade hon information om redan f\u00f6re sommaren. F\u00f6r det beh\u00f6ver det utkr\u00e4vas ett politiskt ansvar, s\u00e4ger Olovsson.<\/p>\n<p class=\"hyperion-css-1v9qo5x\">I samband med Per Eckemarks avg\u00e5ng meddelade Svenska kraftn\u00e4t att man g\u00f6r ett nytt f\u00f6rs\u00f6k att handla upp reservkraft inf\u00f6r vintern.<\/p>\n","protected":false},"excerpt":{"rendered":"share-arrowDela unsaveSpara expand-left helsk\u00e4rmSvenska kraftn\u00e4ts generaldirekt\u00f6r Per Eckemark, som bara haft posten i sju m\u00e5nader, petades av regeringen&hellip;\n","protected":false},"author":2,"featured_media":94298,"comment_status":"","ping_status":"","sticky":false,"template":"","format":"standard","meta":{"footnotes":""},"categories":[65],"tags":[72,70,71,34,31,33,32,30],"class_list":{"0":"post-94297","1":"post","2":"type-post","3":"status-publish","4":"format-standard","5":"has-post-thumbnail","7":"category-ekonomi","8":"tag-business","9":"tag-economy","10":"tag-ekonomi","11":"tag-se","12":"tag-svenska","13":"tag-sverige","14":"tag-sweden","15":"tag-swedish"},"share_on_mastodon":{"url":"https:\/\/pubeurope.com\/@se\/115643866642152190","error":""},"_links":{"self":[{"href":"https:\/\/www.europesays.com\/se\/wp-json\/wp\/v2\/posts\/94297","targetHints":{"allow":["GET"]}}],"collection":[{"href":"https:\/\/www.europesays.com\/se\/wp-json\/wp\/v2\/posts"}],"about":[{"href":"https:\/\/www.europesays.com\/se\/wp-json\/wp\/v2\/types\/post"}],"author":[{"embeddable":true,"href":"https:\/\/www.europesays.com\/se\/wp-json\/wp\/v2\/users\/2"}],"replies":[{"embeddable":true,"href":"https:\/\/www.europesays.com\/se\/wp-json\/wp\/v2\/comments?post=94297"}],"version-history":[{"count":0,"href":"https:\/\/www.europesays.com\/se\/wp-json\/wp\/v2\/posts\/94297\/revisions"}],"wp:featuredmedia":[{"embeddable":true,"href":"https:\/\/www.europesays.com\/se\/wp-json\/wp\/v2\/media\/94298"}],"wp:attachment":[{"href":"https:\/\/www.europesays.com\/se\/wp-json\/wp\/v2\/media?parent=94297"}],"wp:term":[{"taxonomy":"category","embeddable":true,"href":"https:\/\/www.europesays.com\/se\/wp-json\/wp\/v2\/categories?post=94297"},{"taxonomy":"post_tag","embeddable":true,"href":"https:\/\/www.europesays.com\/se\/wp-json\/wp\/v2\/tags?post=94297"}],"curies":[{"name":"wp","href":"https:\/\/api.w.org\/{rel}","templated":true}]}}