{"id":94310,"date":"2025-12-01T10:45:25","date_gmt":"2025-12-01T10:45:25","guid":{"rendered":"https:\/\/www.europesays.com\/se\/94310\/"},"modified":"2025-12-01T10:45:25","modified_gmt":"2025-12-01T10:45:25","slug":"connor-bedard-hanad-i-fjol-nu-tvaa-i-poangligan","status":"publish","type":"post","link":"https:\/\/www.europesays.com\/se\/94310\/","title":{"rendered":"Connor Bedard h\u00e5nad i fjol \u2013 nu tv\u00e5a i po\u00e4ngligan"},"content":{"rendered":"<p><strong><a href=\"https:\/\/hockeysverige.se\/spelare\/connor-bedard\/\" rel=\"nofollow noopener\" target=\"_blank\">Connor Bedard<\/a> forts\u00e4tter att visa v\u00e4gen f\u00f6r Chicago Blackhawks. Under s\u00f6ndagen l\u00e5g han bakom lagets m\u00e4ktiga v\u00e4ndning mot Anaheim Ducks, d\u00e4r 0\u20133 f\u00f6rvandlades till seger med 5\u20133 efter fyra po\u00e4ng av supertalangen. Efter det tunga fjol\u00e5ret, d\u00e4r han h\u00e5nades och ifr\u00e5gasattes, ligger 20-\u00e5ringen nu tv\u00e5a i NHL:s po\u00e4ngliga.<br \/>\u2013 Sk\u00f6nt att f\u00e5 den responsen fr\u00e5n hela gruppen, s\u00e4ger Bedard till NHL.com efter vinsten.<\/strong><\/p>\n<p><img loading=\"lazy\" decoding=\"async\" width=\"1024\" height=\"658\" src=\"https:\/\/www.europesays.com\/se\/wp-content\/uploads\/2025\/12\/Connor-Bedard-tva-NHL-poangliga-1024x658.webp.webp\" alt=\"\" class=\"wp-image-331924\"  \/>Connor Bedard kl\u00e4ttrar upp p\u00e5 andra plats i NHL:s po\u00e4ngliga. <strong>Foto:<\/strong> David Banks-Imagn Images<\/p>\n<p>N\u00e4r Connor Bedard draftades som f\u00f6rsta spelare av <a href=\"https:\/\/hockeysverige.se\/klubb\/chicago-blackhawks\/\" rel=\"nofollow noopener\" target=\"_blank\">Chicago Blackhawks<\/a> som f\u00f6rsta spelare 2023 i Nashville var det m\u00e5nga som utn\u00e4mnde honom till \u201dThe Next One\u201d. Spelaren som skulle axla manteln efter <a href=\"https:\/\/hockeysverige.se\/spelare\/sidney-crosby\/\" rel=\"nofollow noopener\" target=\"_blank\">Sidney Crosby<\/a> och <a href=\"https:\/\/hockeysverige.se\/spelare\/connor-mcdavid\/\" rel=\"nofollow noopener\" target=\"_blank\">Connor McDavid<\/a> och bli <a href=\"https:\/\/hockeysverige.se\/nhl\/\" rel=\"nofollow noopener\" target=\"_blank\">NHL<\/a>:s nya affischnamn.<\/p>\n<p>Men det \u00e4r f\u00f6rst under sin tredje s\u00e4song som yngling b\u00f6rjar komma i n\u00e4rheten av den statusen.<\/p>\n<p>Efter en lovande men skadedrabbad rookies\u00e4song 2023\/24, d\u00e4r han vann Calder Trophy som \u00e5rets nykomling, hade <a href=\"https:\/\/hockeysverige.se\/nhl\/kan-connor-bedard-leva-upp-till-hajpen-chicago-blackhawks\/\" rel=\"nofollow noopener\" target=\"_blank\">Bedard ett tungt fjol\u00e5r d\u00e4r han utsattes f\u00f6r fr\u00e4n kritik<\/a>. Chicagos hela s\u00e4song var en enda kr\u00e4ftg\u00e5ng och m\u00e5nga pekade p\u00e5 Bedard som en del av problemet. Han p\u00e5stods vara f\u00f6r l\u00e5ngsam och f\u00f6r sj\u00e4lvisk \u2013 och fick till och med <a href=\"https:\/\/hockeysverige.se\/nhl\/jeremy-roenick-sagar-connor-bedard-for-att-inte-ha-halsat\/\" rel=\"nofollow noopener\" target=\"_blank\">en skopa ovett fr\u00e5n Blackhawks-legendaren Jeremy Roenick<\/a> f\u00f6r att inte ha h\u00e4lsat p\u00e5 honom i samband med utomhusmatchen p\u00e5 Wrigley Field i fjol.<\/p>\n<p>Fyra po\u00e4ng av Connor Bedard<\/p>\n<p>Connor Bedard tycks dock ha anv\u00e4nt fjol\u00e5rets besvikelse till att komma tillbaka till Chicago som en f\u00f6rb\u00e4ttrad spelare i \u00e5r.<\/p>\n<p>Under h\u00f6sten har han varit en av ligans mest produktiva spelare och visat att han h\u00f6r hemma i diskussionen om en plats i det kanadensiska <a href=\"https:\/\/hockeysverige.se\/os\/\" rel=\"nofollow noopener\" target=\"_blank\">OS<\/a>-laget. Det understr\u00f6ks ytterligare p\u00e5 s\u00f6ndagen n\u00e4r han stod f\u00f6r en enast\u00e5ende insats i hemmam\u00f6tet med <a href=\"https:\/\/hockeysverige.se\/klubb\/anaheim-ducks\/\" rel=\"nofollow noopener\" target=\"_blank\">Anaheim Ducks<\/a>. Blackhawks hamnade i ett 0\u20133-underl\u00e4ge i f\u00f6rsta perioden, men till stor del tack vare Bedards insats gick man segrande ut matchen med 5\u20133.<\/p>\n<p>Se highlights fr\u00e5n matchen i videospelaren!<\/p>\n<p>20-\u00e5ringen blev tungan p\u00e5 v\u00e5gen d\u00e5 han satte det matchvinnande 4\u20133-m\u00e5let i den tredje perioden samt det avslutande m\u00e5let i tom kasse. Han l\u00e4mnade d\u00e4rmed isen med fyra po\u00e4ng och tog sig upp j\u00e4msides San Jose Sharks center <a href=\"https:\/\/hockeysverige.se\/spelare\/macklin-celebrini\/\" rel=\"nofollow noopener\" target=\"_blank\">Macklin Celebrini<\/a> p\u00e5 andraplatsen i NHL:s po\u00e4ngliga. P\u00e5 25 matcher har Connor Bedard svarat f\u00f6r 16 m\u00e5l och 37 po\u00e4ng, sju po\u00e4ng f\u00e4rre \u00e4n suver\u00e4nen <a href=\"https:\/\/hockeysverige.se\/spelare\/nathan-mackinnon\/\" rel=\"nofollow noopener\" target=\"_blank\">Nathan MacKinnon<\/a> i Colorado Avalanche.<\/p>\n<p>H\u00e5ller Bedard nuvarande tempo i produktionen kommer han att landa p\u00e5 \u00f6ver 50 m\u00e5l och 120 po\u00e4ng. Det \u00e4r n\u00e4stan dubbelt s\u00e5 mycket som i fjol, d\u00e5 han landade p\u00e5 23 m\u00e5l och 67 po\u00e4ng.<\/p>\n<p>Leo Carlsson sexa i NHL:s po\u00e4ngliga <\/p>\n<p>F\u00f6r Chicago var segern ett efterl\u00e4ngtat trendbrott efter fem raka f\u00f6rluster, varav fyra p\u00e5 hemmais.<\/p>\n<p>\u2013 Det \u00e4r ingen acceptabel start (underl\u00e4ge 3-0 i den f\u00f6rsta perioden), s\u00e4ger Bedard till <a href=\"https:\/\/www.nhl.com\/gamecenter\/ana-vs-chi\/2025\/11\/30\/2025020403\/boxscore\" target=\"_blank\" rel=\"noreferrer noopener nofollow\">NHL.com<\/a> om starten p\u00e5 matchen. <br \/>\u2013 Jag tror att alla tog p\u00e5 sig ansvaret att h\u00f6ja sitt spel lite grann. Det var en match vi beh\u00f6vde, fem matcher i rad utan att lyckas vinna. Jag tror att vi alla tog initiativ efter den f\u00f6rsta perioden och h\u00f6jde oss.<\/p>\n<p>\u2013 Jag vet inte om det \u00e4r extra viktigt, det \u00e4r inget vi vill v\u00e4nja oss vid eller ha som standard f\u00f6r oss. Det \u00e4r inte tillr\u00e4ckligt bra i den f\u00f6rsta perioden, men vi vet att det inte finns n\u00e5gon uppgivenhet h\u00e4r inne. Vi tror att vi kan komma tillbaka n\u00e4r som helst och vinna vilken match som helst, s\u00e5 det \u00e4r sk\u00f6nt att se det. Sk\u00f6nt att f\u00e5 den responsen fr\u00e5n hela gruppen.<\/p>\n<p>I Anaheim noterades <a href=\"https:\/\/hockeysverige.se\/spelare\/leo-carlsson\/\" rel=\"nofollow noopener\" target=\"_blank\">Leo Carlsson<\/a> f\u00f6r en assist. Han ligger sexa i po\u00e4ngligan med 34 po\u00e4ng (13+21) p\u00e5 25 matcher, b\u00e4st av alla svenskar i NHL. <a href=\"https:\/\/hockeysverige.se\/spelare\/andre-burakovsky\/\" rel=\"nofollow noopener\" target=\"_blank\">Andr\u00e9 Burakovsky<\/a> stod f\u00f6r matchens andra svenskpo\u00e4ng med en assist. Han har 17 po\u00e4ng (7+10) p\u00e5 20 matcher den h\u00e4r s\u00e4songen efter att nyligen ha gjort comeback efter <a href=\"https:\/\/hockeysverige.se\/nhl\/rasar-efter-skadan-pa-andre-burakovsky-bullshit\/\" rel=\"nofollow noopener\" target=\"_blank\">fem missade matcher med en hj\u00e4rnskakning<\/a>.<\/p>\n<p><strong>Chicago Blackhawks \u2013 Anaheim Ducks 5\u20133 (1\u20133, 2\u20130, 2\u20130)<\/strong><\/p>\n<p><strong>F\u00f6rsta perioden:<\/strong>\u00a00\u20131 (0.15) Cutter Gauthier (Troy Terry, Leo Carlsson), 0\u20132 (0.53) Olen Zellweger (Troy Terry, Cutter Gauthier), 0\u20133 (10.29) Chris Kreider (Beckett Sennecke, Mason McTavish), 1\u20133 (17.57) Tyler Bertuzzi (<a href=\"https:\/\/hockeysverige.se\/spelare\/frank-nazar\/\" rel=\"nofollow noopener\" target=\"_blank\">Frank Nazar<\/a>, Connor Bedard).<br \/><strong>Andra perioden:<\/strong>\u00a02\u20133 (26.44) Ryan Greene (Connor Bedard, Andr\u00e9 Burakovsky), 3\u20133 (32.35) Colton Dach (Teuvo Terav\u00e4inen, Artjom Levsjunov).<br \/><strong>Tredje perioden:<\/strong>\u00a04\u20133 (49.56) Connor Bedard, 5\u20133 (58.05) Connor Bedard.<\/p>\n<p>NHL:s po\u00e4ngliga 1 december<\/p>\n<tr>\n<td><strong>Placering<\/strong><\/td>\n<td><strong>Spelare (Lag)<\/strong><\/td>\n<td><strong>Po\u00e4ng (M\u00e5l + Assist)<\/strong><\/td>\n<\/tr>\n<tr>\n<td><strong>1<\/strong><\/td>\n<td>Nathan MacKinnon (COL)<\/td>\n<td>44 (20 + 24)<\/td>\n<\/tr>\n<tr>\n<td><strong>2<\/strong><\/td>\n<td>Connor Bedard (CHI)<\/td>\n<td>37 (16 + 21)<\/td>\n<\/tr>\n<tr>\n<td><strong>3<\/strong><\/td>\n<td>Macklin Celebrini (SJS)<\/td>\n<td>37 (14 + 23)<\/td>\n<\/tr>\n<tr>\n<td><strong>4<\/strong><\/td>\n<td>Connor McDavid (EDM)<\/td>\n<td>36 (11 + 25)<\/td>\n<\/tr>\n<tr>\n<td><strong>5<\/strong><\/td>\n<td><a href=\"https:\/\/hockeysverige.se\/spelare\/jason-robertson\/\" rel=\"nofollow noopener\" target=\"_blank\">Jason Robertson<\/a> (DAL)<\/td>\n<td>35 (16 + 19)<\/td>\n<\/tr>\n<tr>\n<td><strong>6<\/strong><\/td>\n<td>Leo Carlsson (ANA)<\/td>\n<td>34 (13 + 21)<\/td>\n<\/tr>\n<tr>\n<td><strong>7<\/strong><\/td>\n<td><a href=\"https:\/\/hockeysverige.se\/spelare\/martin-necas\/\" rel=\"nofollow noopener\" target=\"_blank\">Martin Ne\u010das<\/a> (CAR)<\/td>\n<td>33 (13 + 20)<\/td>\n<\/tr>\n<tr>\n<td><strong>8<\/strong><\/td>\n<td><a href=\"https:\/\/hockeysverige.se\/spelare\/mikko-rantanen\/\" rel=\"nofollow noopener\" target=\"_blank\">Mikko Rantanen<\/a> (DAL)<\/td>\n<td>33 (10 + 23)<\/td>\n<\/tr>\n<tr>\n<td><strong>9<\/strong><\/td>\n<td><a href=\"https:\/\/hockeysverige.se\/spelare\/william-nylander\/\" rel=\"nofollow noopener\" target=\"_blank\">William Nylander<\/a> (TOR)<\/td>\n<td>32 (11 + 21)<\/td>\n<\/tr>\n<tr>\n<td><strong>10<\/strong><\/td>\n<td><a href=\"https:\/\/hockeysverige.se\/spelare\/nikita-kucherov\/\" rel=\"nofollow noopener\" target=\"_blank\">Nikita Kutjerov<\/a> (TBL)<\/td>\n<td>32 (11 + 21)<\/td>\n<\/tr>\n","protected":false},"excerpt":{"rendered":"Connor Bedard forts\u00e4tter att visa v\u00e4gen f\u00f6r Chicago Blackhawks. Under s\u00f6ndagen l\u00e5g han bakom lagets m\u00e4ktiga v\u00e4ndning mot&hellip;\n","protected":false},"author":2,"featured_media":94311,"comment_status":"","ping_status":"","sticky":false,"template":"","format":"standard","meta":{"footnotes":""},"categories":[5],"tags":[22,23,26,27,17,21,24,25,28,29,15,16,18,34,133,31,33,32,30,19,20],"class_list":{"0":"post-94310","1":"post","2":"type-post","3":"status-publish","4":"format-standard","5":"has-post-thumbnail","7":"category-rubriker","8":"tag-breaking-news","9":"tag-breakingnews","10":"tag-featured-news","11":"tag-featurednews","12":"tag-headlines","13":"tag-huvudnyheter","14":"tag-latest-news","15":"tag-latestnews","16":"tag-main-news","17":"tag-mainnews","18":"tag-news","19":"tag-nyheter","20":"tag-rubriker","21":"tag-se","22":"tag-second-news","23":"tag-svenska","24":"tag-sverige","25":"tag-sweden","26":"tag-swedish","27":"tag-top-stories","28":"tag-topstories"},"share_on_mastodon":{"url":"https:\/\/pubeurope.com\/@se\/115643909659855607","error":""},"_links":{"self":[{"href":"https:\/\/www.europesays.com\/se\/wp-json\/wp\/v2\/posts\/94310","targetHints":{"allow":["GET"]}}],"collection":[{"href":"https:\/\/www.europesays.com\/se\/wp-json\/wp\/v2\/posts"}],"about":[{"href":"https:\/\/www.europesays.com\/se\/wp-json\/wp\/v2\/types\/post"}],"author":[{"embeddable":true,"href":"https:\/\/www.europesays.com\/se\/wp-json\/wp\/v2\/users\/2"}],"replies":[{"embeddable":true,"href":"https:\/\/www.europesays.com\/se\/wp-json\/wp\/v2\/comments?post=94310"}],"version-history":[{"count":0,"href":"https:\/\/www.europesays.com\/se\/wp-json\/wp\/v2\/posts\/94310\/revisions"}],"wp:featuredmedia":[{"embeddable":true,"href":"https:\/\/www.europesays.com\/se\/wp-json\/wp\/v2\/media\/94311"}],"wp:attachment":[{"href":"https:\/\/www.europesays.com\/se\/wp-json\/wp\/v2\/media?parent=94310"}],"wp:term":[{"taxonomy":"category","embeddable":true,"href":"https:\/\/www.europesays.com\/se\/wp-json\/wp\/v2\/categories?post=94310"},{"taxonomy":"post_tag","embeddable":true,"href":"https:\/\/www.europesays.com\/se\/wp-json\/wp\/v2\/tags?post=94310"}],"curies":[{"name":"wp","href":"https:\/\/api.w.org\/{rel}","templated":true}]}}