{"id":94316,"date":"2025-12-01T10:50:07","date_gmt":"2025-12-01T10:50:07","guid":{"rendered":"https:\/\/www.europesays.com\/se\/94316\/"},"modified":"2025-12-01T10:50:07","modified_gmt":"2025-12-01T10:50:07","slug":"torbjorn-tornqvist-saljer-sin-andel-i-gunvor-lamnar-som-vd","status":"publish","type":"post","link":"https:\/\/www.europesays.com\/se\/94316\/","title":{"rendered":"Torbj\u00f6rn T\u00f6rnqvist s\u00e4ljer sin andel i Gunvor \u2013 l\u00e4mnar som vd"},"content":{"rendered":"<p>Torbj\u00f6rn T\u00f6rnqvist s\u00e4ljer sin majoritetsandel och l\u00e4mnar vd-posten i oljehandlaren Gunvor. Bolaget uppger att \u201dmissuppfattningar om dess f\u00f6rflutna har blivit en om\u00f6jlig distraktion\u201d f\u00f6r verksamheten.<\/p>\n<p>\u201dJag \u00e4r redo och f\u00f6retaget \u00e4r redo f\u00f6r den h\u00e4r \u00f6verg\u00e5ngen, som vi har arbetat med under en tid\u201d, uppger Torbj\u00f6rn T\u00f6rnqvist i en kommentar till Di.<\/p>\n<p><strong class=\"global-xxs-bold\">Uppdaterad:<\/strong> 1 december 2025, 11:47<strong class=\"global-xxs-bold\">Publicerad:<\/strong> 1 december 2025, 11:18<\/p>\n<p>Spara<\/p>\n","protected":false},"excerpt":{"rendered":"Torbj\u00f6rn T\u00f6rnqvist s\u00e4ljer sin majoritetsandel och l\u00e4mnar vd-posten i oljehandlaren Gunvor. Bolaget uppger att \u201dmissuppfattningar om dess f\u00f6rflutna&hellip;\n","protected":false},"author":2,"featured_media":94317,"comment_status":"","ping_status":"","sticky":false,"template":"","format":"standard","meta":{"footnotes":""},"categories":[65],"tags":[72,70,71,34,31,33,32,30],"class_list":{"0":"post-94316","1":"post","2":"type-post","3":"status-publish","4":"format-standard","5":"has-post-thumbnail","7":"category-ekonomi","8":"tag-business","9":"tag-economy","10":"tag-ekonomi","11":"tag-se","12":"tag-svenska","13":"tag-sverige","14":"tag-sweden","15":"tag-swedish"},"share_on_mastodon":{"url":"https:\/\/pubeurope.com\/@se\/115643929289479131","error":""},"_links":{"self":[{"href":"https:\/\/www.europesays.com\/se\/wp-json\/wp\/v2\/posts\/94316","targetHints":{"allow":["GET"]}}],"collection":[{"href":"https:\/\/www.europesays.com\/se\/wp-json\/wp\/v2\/posts"}],"about":[{"href":"https:\/\/www.europesays.com\/se\/wp-json\/wp\/v2\/types\/post"}],"author":[{"embeddable":true,"href":"https:\/\/www.europesays.com\/se\/wp-json\/wp\/v2\/users\/2"}],"replies":[{"embeddable":true,"href":"https:\/\/www.europesays.com\/se\/wp-json\/wp\/v2\/comments?post=94316"}],"version-history":[{"count":0,"href":"https:\/\/www.europesays.com\/se\/wp-json\/wp\/v2\/posts\/94316\/revisions"}],"wp:featuredmedia":[{"embeddable":true,"href":"https:\/\/www.europesays.com\/se\/wp-json\/wp\/v2\/media\/94317"}],"wp:attachment":[{"href":"https:\/\/www.europesays.com\/se\/wp-json\/wp\/v2\/media?parent=94316"}],"wp:term":[{"taxonomy":"category","embeddable":true,"href":"https:\/\/www.europesays.com\/se\/wp-json\/wp\/v2\/categories?post=94316"},{"taxonomy":"post_tag","embeddable":true,"href":"https:\/\/www.europesays.com\/se\/wp-json\/wp\/v2\/tags?post=94316"}],"curies":[{"name":"wp","href":"https:\/\/api.w.org\/{rel}","templated":true}]}}