{"id":94320,"date":"2025-12-01T10:53:33","date_gmt":"2025-12-01T10:53:33","guid":{"rendered":"https:\/\/www.europesays.com\/se\/94320\/"},"modified":"2025-12-01T10:53:33","modified_gmt":"2025-12-01T10:53:33","slug":"infor-spurten-analyshuset-tar-in-nio-nya-favoritaktier-di","status":"publish","type":"post","link":"https:\/\/www.europesays.com\/se\/94320\/","title":{"rendered":"Inf\u00f6r spurten: Analyshuset tar in nio nya favoritaktier &#8211; DI"},"content":{"rendered":"<ol>\n<li><a href=\"https:\/\/news.google.com\/rss\/articles\/CBMihAFBVV95cUxOSnZtSDNubWw4bHh6d01zWUVsQU9vYUtqSmVPajdkNmhlbng5MGsxeVFFdloybGxTOHhoeW8zQS15NEVGWmZQMjRKdWJsMGFSakFvbXU4aFBFQTZfMVZ6dm94ZUNzeDFSdkJsQm5MQ28tTWVOc1htazFpQkphWks1OWQ0Qng?oc=5\" target=\"_blank\" rel=\"nofollow noopener\">Inf\u00f6r spurten: Analyshuset tar in nio nya favoritaktier<\/a>&nbsp;&nbsp;DI<\/li>\n<li><a href=\"https:\/\/news.google.com\/rss\/articles\/CBMigAFBVV95cUxNd2RSbkI2amhvWVYxYU1mYlFwdnZJVXI3cUZHLThDcUZfRGY3c0poY2VJcExoQm1iSE5HMmFoNEtJSHRWUlVkQkxOVnh4dldlTzBZcFhiZkVkM2Z2R3hZYmJHOVFIb3laaTBMZWlXaUdhSWFrckRYYl8tNlYwaUM4Nw?oc=5\" target=\"_blank\" rel=\"nofollow noopener\">Nio bolag petas fr\u00e5n Paretos portf\u00f6lj: &#8221;Tydlig underavkastning&#8221;<\/a>&nbsp;&nbsp;EFN<\/li>\n<li><a href=\"https:\/\/news.google.com\/rss\/articles\/CBMipAFBVV95cUxOaUtMX1NjYkFHZy1XRGFkOVJiSmZiMElpalN6eVJneXVJV2NQSkkxdmpzT3A0R0dvUzFwZjBzMVdoRVlqTGNjNXI0ZnJhOHk3Tzc5SDJJTExXbmpIM3h4ZkpoLUttWFg4TlZMUHR3T3JrMFFqYTFzYmxfQy1hSEJudWtpQ09kd2xrYktIOENxc2gxTGJXWmc5Ul9yWjFpdENOLV9Scw?oc=5\" target=\"_blank\" rel=\"nofollow noopener\">Pareto m\u00f6blerar om rej\u00e4lt i svenska modellportf\u00f6ljen<\/a>&nbsp;&nbsp;Privata Aff\u00e4rer<\/li>\n<li><a href=\"https:\/\/news.google.com\/rss\/articles\/CBMihgFBVV95cUxNdUJEd1U0VnJKVzZNdV9zUTNxeGtFTlRtOVhaci1GSlhzOEw5eTN1T0VmLVNmUGs1Rl9sM0RVN0JOSDZDTWR4RXdRckJEWFN1T1dnMlh3ODJRZUJWZW1jczExZjdBb2poa1JPR2xxY0N2MW80Z3NWWXZONUw3SVNuTVUyajRmZw?oc=5\" target=\"_blank\" rel=\"nofollow noopener\">Pareto tar in Saab och Mildef i portf\u00f6ljen<\/a>&nbsp;&nbsp;Aff\u00e4rsv\u00e4rlden<\/li>\n<li><a href=\"https:\/\/news.google.com\/rss\/articles\/CBMioAFBVV95cUxNNl9JZG1RZ2U3bTFkSm5iTmN4X0t2RDF1dWkwTlB0TUNhU3dkZTZoRjc0ajd3ZUEydGpSam9YWnhJckVyUEtuWm1qdGtsb3Vvb0VJZ1hxaWt4QW5KVkhXQW5rWlBrbU85YkpULVVVVGdOM29JVU9JR19yWlhKX052SWNPU3l6bzNYODVFUERLWHNmWFdNZ053YzR4ekNDTE1i?oc=5\" target=\"_blank\" rel=\"nofollow noopener\">Analysfirman tror p\u00e5 nytt f\u00f6rsvarsrally \u2013 byter ut 9 av 10 aktier<\/a>&nbsp;&nbsp;Realtid<\/li>\n<\/ol>\n","protected":false},"excerpt":{"rendered":"Inf\u00f6r spurten: Analyshuset tar in nio nya favoritaktier&nbsp;&nbsp;DI Nio bolag petas fr\u00e5n Paretos portf\u00f6lj: &#8221;Tydlig underavkastning&#8221;&nbsp;&nbsp;EFN Pareto m\u00f6blerar&hellip;\n","protected":false},"author":2,"featured_media":94321,"comment_status":"","ping_status":"","sticky":false,"template":"","format":"standard","meta":{"footnotes":""},"categories":[5],"tags":[22,23,26,27,17,21,24,25,28,29,15,16,18,34,31,33,32,30,19,20],"class_list":{"0":"post-94320","1":"post","2":"type-post","3":"status-publish","4":"format-standard","5":"has-post-thumbnail","7":"category-rubriker","8":"tag-breaking-news","9":"tag-breakingnews","10":"tag-featured-news","11":"tag-featurednews","12":"tag-headlines","13":"tag-huvudnyheter","14":"tag-latest-news","15":"tag-latestnews","16":"tag-main-news","17":"tag-mainnews","18":"tag-news","19":"tag-nyheter","20":"tag-rubriker","21":"tag-se","22":"tag-svenska","23":"tag-sverige","24":"tag-sweden","25":"tag-swedish","26":"tag-top-stories","27":"tag-topstories"},"share_on_mastodon":{"url":"https:\/\/pubeurope.com\/@se\/115643941088291641","error":""},"_links":{"self":[{"href":"https:\/\/www.europesays.com\/se\/wp-json\/wp\/v2\/posts\/94320","targetHints":{"allow":["GET"]}}],"collection":[{"href":"https:\/\/www.europesays.com\/se\/wp-json\/wp\/v2\/posts"}],"about":[{"href":"https:\/\/www.europesays.com\/se\/wp-json\/wp\/v2\/types\/post"}],"author":[{"embeddable":true,"href":"https:\/\/www.europesays.com\/se\/wp-json\/wp\/v2\/users\/2"}],"replies":[{"embeddable":true,"href":"https:\/\/www.europesays.com\/se\/wp-json\/wp\/v2\/comments?post=94320"}],"version-history":[{"count":0,"href":"https:\/\/www.europesays.com\/se\/wp-json\/wp\/v2\/posts\/94320\/revisions"}],"wp:featuredmedia":[{"embeddable":true,"href":"https:\/\/www.europesays.com\/se\/wp-json\/wp\/v2\/media\/94321"}],"wp:attachment":[{"href":"https:\/\/www.europesays.com\/se\/wp-json\/wp\/v2\/media?parent=94320"}],"wp:term":[{"taxonomy":"category","embeddable":true,"href":"https:\/\/www.europesays.com\/se\/wp-json\/wp\/v2\/categories?post=94320"},{"taxonomy":"post_tag","embeddable":true,"href":"https:\/\/www.europesays.com\/se\/wp-json\/wp\/v2\/tags?post=94320"}],"curies":[{"name":"wp","href":"https:\/\/api.w.org\/{rel}","templated":true}]}}