{"id":94324,"date":"2025-12-01T10:56:10","date_gmt":"2025-12-01T10:56:10","guid":{"rendered":"https:\/\/www.europesays.com\/se\/94324\/"},"modified":"2025-12-01T10:56:10","modified_gmt":"2025-12-01T10:56:10","slug":"arets-julkalendrar-handlar-om-tidsresor-och-spoken-radio-sweden-pa-latt-svenska","status":"publish","type":"post","link":"https:\/\/www.europesays.com\/se\/94324\/","title":{"rendered":"\u00c5rets julkalendrar handlar om tidsresor och sp\u00f6ken &#8211; Radio Sweden p\u00e5 l\u00e4tt svenska"},"content":{"rendered":"<p><strong>SVT:s julkalender<\/strong> heter Tidstjuven. Den handlar om pojken Clint som reser i tiden f\u00f6r att hitta sin pappa som \u00e4r f\u00f6rsvunnen.<\/p>\n<p>\u201dJag ska hitta dig pappa\u201d&#8230;.<\/p>\n<p><strong>Gusten Wickberg<\/strong> fr\u00e5n V\u00e4stervik spelar pojken Clint. Han s\u00e4ger till<a class=\"internal-link\" target=\"_self\" href=\"https:\/\/www.sverigesradio.se\/artikel\/nu-borjar-julkalendern-spannande-och-julmysigt\" rel=\"nofollow noopener\"> P4 Kalmar<\/a> att det var b\u00e5de roligt och mysigt att spela in \u00e5rets julkalender.<\/p>\n<p>\u2013 Det var s\u00e5 otroligt mysigt och kul att f\u00e5 spela in.<\/p>\n<p><strong>Producenten<\/strong> Calle \u00c5strand hoppas att m\u00e5nga i Sverige kommer att titta p\u00e5 julkalendern.<\/p>\n<p>\u2013 Det \u00e4r j\u00e4ttekul och jag hoppas verkligen att folk tycker om det, s\u00e5 att jag hoppas att den ska g\u00e5 hem i stugorna.<\/p>\n<p><strong>Sveriges Radios<\/strong> julkalender heter Sp\u00f6kjul p\u00e5 Dimmeborg. Den handlar om sp\u00f6ken och sp\u00f6kj\u00e4gare. Sofia Ekelin spelar ett sp\u00f6ke som heter Disa som bor p\u00e5 ett sp\u00f6kslott. Hon s\u00e4ger till <a class=\"internal-link\" target=\"_self\" href=\"https:\/\/www.sverigesradio.se\/artikel\/spokjakt-i-arets-radiojulkalender-sa-pirrigt\" rel=\"nofollow noopener\">Kulturnytt<\/a> att serien blev j\u00e4ttebra. Hon ser fram emot att m\u00e5nga kommer att lyssna p\u00e5 julkalendern.<\/p>\n<p>\u2013 Fantastiskt, allts\u00e5 jag \u00e4lskar det. \u00c4lskar allting som vi har gjort.<\/p>\n<p><strong>Oliver Sj\u00f6stedt Grove<\/strong> spelar sp\u00f6kj\u00e4garen Sam. Han s\u00e4ger att det k\u00e4nns sp\u00e4nnande att julkalendern har premi\u00e4r i dag den 1 december.<\/p>\n<p>\u2013 Jamen, allts\u00e5 det k\u00e4nns toppen, jag \u00e4r s\u00e5, s\u00e5 pirrig!<\/p>\n<p class=\"byline\"><a class=\"internal-link\" href=\"https:\/\/www.sverigesradio.se\/artikel\/mailto:lattsvenska@sverigesradio.se\" target=\"_self\" rel=\"nofollow noopener\">lattsvenska@sverigesradio.se<\/a><\/p>\n","protected":false},"excerpt":{"rendered":"SVT:s julkalender heter Tidstjuven. Den handlar om pojken Clint som reser i tiden f\u00f6r att hitta sin pappa&hellip;\n","protected":false},"author":2,"featured_media":94325,"comment_status":"","ping_status":"","sticky":false,"template":"","format":"standard","meta":{"footnotes":""},"categories":[67],"tags":[5018,104,5021,5017,787,15,16,5020,5019,171,34,31,33,32,30,105],"class_list":{"0":"post-94324","1":"post","2":"type-post","3":"status-publish","4":"format-standard","5":"has-post-thumbnail","7":"category-underhallning","8":"tag-beginners","9":"tag-entertainment","10":"tag-hrfrstelse","11":"tag-ltt-svenska","12":"tag-lyssna","13":"tag-news","14":"tag-nyheter","15":"tag-podcast","16":"tag-podd","17":"tag-radio","18":"tag-se","19":"tag-svenska","20":"tag-sverige","21":"tag-sweden","22":"tag-swedish","23":"tag-underhallning"},"share_on_mastodon":{"url":"https:\/\/pubeurope.com\/@se\/115643952835884451","error":""},"_links":{"self":[{"href":"https:\/\/www.europesays.com\/se\/wp-json\/wp\/v2\/posts\/94324","targetHints":{"allow":["GET"]}}],"collection":[{"href":"https:\/\/www.europesays.com\/se\/wp-json\/wp\/v2\/posts"}],"about":[{"href":"https:\/\/www.europesays.com\/se\/wp-json\/wp\/v2\/types\/post"}],"author":[{"embeddable":true,"href":"https:\/\/www.europesays.com\/se\/wp-json\/wp\/v2\/users\/2"}],"replies":[{"embeddable":true,"href":"https:\/\/www.europesays.com\/se\/wp-json\/wp\/v2\/comments?post=94324"}],"version-history":[{"count":0,"href":"https:\/\/www.europesays.com\/se\/wp-json\/wp\/v2\/posts\/94324\/revisions"}],"wp:featuredmedia":[{"embeddable":true,"href":"https:\/\/www.europesays.com\/se\/wp-json\/wp\/v2\/media\/94325"}],"wp:attachment":[{"href":"https:\/\/www.europesays.com\/se\/wp-json\/wp\/v2\/media?parent=94324"}],"wp:term":[{"taxonomy":"category","embeddable":true,"href":"https:\/\/www.europesays.com\/se\/wp-json\/wp\/v2\/categories?post=94324"},{"taxonomy":"post_tag","embeddable":true,"href":"https:\/\/www.europesays.com\/se\/wp-json\/wp\/v2\/tags?post=94324"}],"curies":[{"name":"wp","href":"https:\/\/api.w.org\/{rel}","templated":true}]}}