{"id":94389,"date":"2025-12-01T11:44:12","date_gmt":"2025-12-01T11:44:12","guid":{"rendered":"https:\/\/www.europesays.com\/se\/94389\/"},"modified":"2025-12-01T11:44:12","modified_gmt":"2025-12-01T11:44:12","slug":"duon-om-jlc-guldet-det-ar-nagot-fuffens","status":"publish","type":"post","link":"https:\/\/www.europesays.com\/se\/94389\/","title":{"rendered":"Duon om \u201dJLC-guldet\u201d: \u201dDet \u00e4r n\u00e5got fuffens\u201d"},"content":{"rendered":"<p>Youtube-stj\u00e4rnorna Lucas Simonsson och Carl D\u00e9man fr\u00e5n \u201dJLC\u201d har i tv\u00e5 \u00e5r varit tysta om det uppm\u00e4rksammade \u201dJLC-guldet\u201d. I en intervju med GP ber\u00e4ttar de nu om turerna kring det, och sl\u00e5r fast att \u201ddet \u00e4r n\u00e5got fuffens\u201d bakom. <\/p>\n<p>Fem kilo rent guld och tv\u00e5 kilo platina uppt\u00e4cktes i den bostad duon hade k\u00f6pt och b\u00f6rjat renovera 2023. Vad som efterf\u00f6ljde var en l\u00e5ng tvist om vem som hade r\u00e4tt till det mellan dem sj\u00e4lva, huss\u00e4ljaren, d\u00f6dsboet och hantverkarna som hittade guldet. <\/p>\n<p>Halva fyndet f\u00f6ll till slut till duon. Men de b\u00e5da \u00e4r helt s\u00e4kra p\u00e5 att n\u00e5got illegalt ligger bakom dess ursprung.<\/p>\n<p>\u2013 Det mest intressanta har inte varit var det h\u00e4r h\u00f6r hemma. Det jag st\u00f6r mig p\u00e5 \u00e4r att vi inte vet vad som har h\u00e4nt med detta och var det kommer ifr\u00e5n, s\u00e4ger Lucas Simonsson.<\/p>\n<p>Omni \u00e4r politiskt obundna och oberoende. Vi str\u00e4var efter att ge fler perspektiv p\u00e5 nyheterna. Har du fr\u00e5gor eller synpunkter kring v\u00e5r rapportering? <a href=\"https:\/\/omni.se\/duon-om-jlc-guldet-det-ar-nagot-fuffens\/a\/mailto:redaktion@omni.se\" class=\"ArticleActions_contactLink__W2F1M\" rel=\"nofollow noopener\" target=\"_blank\">Kontakta redaktionen<\/a><\/p>\n","protected":false},"excerpt":{"rendered":"Youtube-stj\u00e4rnorna Lucas Simonsson och Carl D\u00e9man fr\u00e5n \u201dJLC\u201d har i tv\u00e5 \u00e5r varit tysta om det uppm\u00e4rksammade \u201dJLC-guldet\u201d.&hellip;\n","protected":false},"author":2,"featured_media":94390,"comment_status":"","ping_status":"","sticky":false,"template":"","format":"standard","meta":{"footnotes":""},"categories":[67],"tags":[6027,104,6028,34,31,33,32,30,105],"class_list":{"0":"post-94389","1":"post","2":"type-post","3":"status-publish","4":"format-standard","5":"has-post-thumbnail","7":"category-underhallning","8":"tag-carl-deman","9":"tag-entertainment","10":"tag-lucas-simonsson","11":"tag-se","12":"tag-svenska","13":"tag-sverige","14":"tag-sweden","15":"tag-swedish","16":"tag-underhallning"},"share_on_mastodon":{"url":"https:\/\/pubeurope.com\/@se\/115644141624606655","error":""},"_links":{"self":[{"href":"https:\/\/www.europesays.com\/se\/wp-json\/wp\/v2\/posts\/94389","targetHints":{"allow":["GET"]}}],"collection":[{"href":"https:\/\/www.europesays.com\/se\/wp-json\/wp\/v2\/posts"}],"about":[{"href":"https:\/\/www.europesays.com\/se\/wp-json\/wp\/v2\/types\/post"}],"author":[{"embeddable":true,"href":"https:\/\/www.europesays.com\/se\/wp-json\/wp\/v2\/users\/2"}],"replies":[{"embeddable":true,"href":"https:\/\/www.europesays.com\/se\/wp-json\/wp\/v2\/comments?post=94389"}],"version-history":[{"count":0,"href":"https:\/\/www.europesays.com\/se\/wp-json\/wp\/v2\/posts\/94389\/revisions"}],"wp:featuredmedia":[{"embeddable":true,"href":"https:\/\/www.europesays.com\/se\/wp-json\/wp\/v2\/media\/94390"}],"wp:attachment":[{"href":"https:\/\/www.europesays.com\/se\/wp-json\/wp\/v2\/media?parent=94389"}],"wp:term":[{"taxonomy":"category","embeddable":true,"href":"https:\/\/www.europesays.com\/se\/wp-json\/wp\/v2\/categories?post=94389"},{"taxonomy":"post_tag","embeddable":true,"href":"https:\/\/www.europesays.com\/se\/wp-json\/wp\/v2\/tags?post=94389"}],"curies":[{"name":"wp","href":"https:\/\/api.w.org\/{rel}","templated":true}]}}