{"id":94391,"date":"2025-12-01T11:46:07","date_gmt":"2025-12-01T11:46:07","guid":{"rendered":"https:\/\/www.europesays.com\/se\/94391\/"},"modified":"2025-12-01T11:46:07","modified_gmt":"2025-12-01T11:46:07","slug":"sommarjobb-fysioterapeut-distriktsrehabilitering-region-kalmar-lan","status":"publish","type":"post","link":"https:\/\/www.europesays.com\/se\/94391\/","title":{"rendered":"Sommarjobb fysioterapeut distriktsrehabilitering | Region Kalmar L\u00e4n"},"content":{"rendered":"<p>Vi erbjuder dig ett ansvarsfullt, omv\u00e4xlande och sj\u00e4lvst\u00e4ndigt arbete som vid n\u00e5gon av Rehab s\u00f6ders distriktsrehabiliteringsmottagningar i Kalmar, S\u00f6der\u00e5kra, Emmaboda, Nybro, Borgholm eller M\u00f6rbyl\u00e5nga. P\u00e5 distriktsrehabiliteringen m\u00f6ter du patienter med olika funktionsneds\u00e4ttningar, fr\u00e5n flera diagnosgrupper och med olika rehabiliteringsbehov. Du genomf\u00f6r unders\u00f6kningar, bed\u00f6mningar och behandlingar p\u00e5 b\u00e5de individ- och gruppniv\u00e5.\u00a0<\/p>\n<p>Arbetstiden \u00e4r f\u00f6rlagd dagtid m\u00e5ndag till fredag.<\/p>\n<p>Om dig<\/p>\n<p>Du \u00e4r legitimerad fysioterapeut\/sjukgymnast. Som person har du en positiv inst\u00e4llning och s\u00e4tter alltid patientens b\u00e4sta i fokus. Du kan arbeta s\u00e5v\u00e4l sj\u00e4lvst\u00e4ndigt som i en grupp. Erfarenhet fr\u00e5n verksamhetsomr\u00e5det och liknande arbetsuppgifter \u00e4r meriterande. Vi l\u00e4gger stor vikt vid personlig l\u00e4mplighet.<\/p>\n<p>Ange i din ans\u00f6kan om det \u00e4r en specifik mottagning du \u00e4r intresserad av.\u00a0<\/p>\n<p>Urval och tills\u00e4ttning sker l\u00f6pande. V\u00e4lkommen med din ans\u00f6kan!\u00a0<\/p>\n<p>Din framtida arbetsplats<\/p>\n<p>Rehab s\u00f6der har som uppdrag att erbjuda medborgarna i s\u00f6dra Kalmar l\u00e4n rehabiliterande insatser p\u00e5 s\u00e5v\u00e4l specialist som prim\u00e4rv\u00e5rdsniv\u00e5. Enheten har \u00e4ven i uppdrag att ansvara f\u00f6r regionens dietistverksamhet i s\u00f6dra l\u00e4nsdelen samt f\u00f6r kuratorsverksamheten vid L\u00e4nssjukhuset i Kalmar. Insatserna ska vid behov ges i samverkan med andra v\u00e5rdgivare samt patientens sociala n\u00e4tverk. M\u00e5let \u00e4r att v\u00e5ra insatser ska leda till en bibeh\u00e5llen eller f\u00f6rb\u00e4ttrad h\u00e4lsa.<\/p>\n<p>L\u00e4nssjukhuset i Kalmar \u00e4r ett av tre sjukhus i Kalmar l\u00e4n. Sjukhuset \u00e4r ett akutsjukhus med specialistv\u00e5rd, f\u00f6rlossningsv\u00e5rd och BB. H\u00e4r arbetar drygt 2300 personer f\u00f6r att erbjuda god v\u00e5rd och h\u00f6g patients\u00e4kerhet till l\u00e4nets inv\u00e5nare. V\u00e5ra medarbetares st\u00e4ndiga utvecklingsarbete g\u00f6r att vi n\u00e5r goda resultat i flera olika nationella m\u00e4tningar. Sjukhuset ligger n\u00e4ra Kalmar centrum och Kalmarsund. <\/p>\n<p>Region Kalmar l\u00e4n ansvarar f\u00f6r h\u00e4lso- och sjukv\u00e5rd, tandv\u00e5rd, folkh\u00f6gskolor, kultur, kollektivtrafik och regional utveckling. Vi \u00e4r \u00f6ver 7 000 medarbetare som alla jobbar tillsammans f\u00f6r ett friskare, tryggare och rikare liv f\u00f6r l\u00e4nets inv\u00e5nare. Hos oss f\u00e5r du m\u00e5nga f\u00f6rm\u00e5ner och ett av Sveriges b\u00e4sta kollektivavtal. Vi m\u00f6ter m\u00e4nniskor i livets alla skeden och har ett meningsfullt och utvecklande arbete \u2013 varje dag.<\/p>\n<p><a href=\"https:\/\/regionkalmar.se\/jobb-och-karriar\/att-jobba-hos-oss\/\" rel=\"nofollow noopener\" target=\"_blank\">L\u00e4s mer om att arbeta i Region Kalmar l\u00e4n<\/a><\/p>\n<p>Region Kalmar l\u00e4n erbjuder alla medarbetare en anst\u00e4llning p\u00e5 100%. Om du arbetar deltid men \u00f6nskar arbeta heltid kan ut\u00f6kning av tj\u00e4nst erbjudas vid annan arbetsplats.<\/p>\n<p>Vi vill att du bifogar CV, personligt brev och f\u00f6r tj\u00e4nsten relevanta utbildningsbevis till din ans\u00f6kan. F\u00f6r att kvalitetss\u00e4kra rekryteringsprocessen i Region Kalmar l\u00e4n vill vi att du s\u00f6ker tj\u00e4nsten i v\u00e5rt rekryteringssystem och inte via e-post eller i pappersformat.<\/p>\n<p>Vi tar g\u00e4rna emot samtal fr\u00e5n dig som \u00e4r intresserad av jobbet men tackar nej till dig som s\u00e4ljer annonser och rekryteringstj\u00e4nster.<\/p>\n<p>            Om tj\u00e4nsten<\/p>\n<p>Referensnummer:2025\/913<\/p>\n<p>Placering\/enhet:Region Kalmar l\u00e4n<\/p>\n<p>Antal platser:4<\/p>\n<p>Anst\u00e4llningsform:Visstidsanst\u00e4llning (kortare \u00e4n 3 m\u00e5nader)<\/p>\n<p>Anst\u00e4llningstid:Tidsbegr\u00e4nsad<\/p>\n<p>Syssels\u00e4ttningsgrad:Heltid  100%<\/p>\n<p>\n                Tilltr\u00e4de:Efter \u00f6verenskommelse<\/p>\n<p>L\u00f6n:Vi till\u00e4mpar individuell l\u00f6nes\u00e4ttning<\/p>\n<p>Ans\u00f6k senast:2026-02-28<\/p>\n<p>Om du beh\u00f6ver hj\u00e4lp kan du kontakta v\u00e5r <a href=\"https:\/\/regionkalmar.se\/jobb-och-karriar\/sok-lediga-jobb\/sommarjobb-fysioterapeut-distriktsrehabilitering-\/mailto:support@varbi.com\" rel=\"nofollow noopener\" target=\"_blank\">support.<\/a><\/p>\n<p>Telefon: 0520-58 00 50<\/p>\n<p>Telefontid vardagar 08:30-12:00 och 13:00-16:30<\/p>\n","protected":false},"excerpt":{"rendered":"Vi erbjuder dig ett ansvarsfullt, omv\u00e4xlande och sj\u00e4lvst\u00e4ndigt arbete som vid n\u00e5gon av Rehab s\u00f6ders distriktsrehabiliteringsmottagningar i Kalmar,&hellip;\n","protected":false},"author":2,"featured_media":54627,"comment_status":"","ping_status":"","sticky":false,"template":"","format":"standard","meta":{"footnotes":""},"categories":[65],"tags":[72,70,71,34,31,33,32,30],"class_list":{"0":"post-94391","1":"post","2":"type-post","3":"status-publish","4":"format-standard","5":"has-post-thumbnail","7":"category-ekonomi","8":"tag-business","9":"tag-economy","10":"tag-ekonomi","11":"tag-se","12":"tag-svenska","13":"tag-sverige","14":"tag-sweden","15":"tag-swedish"},"share_on_mastodon":{"url":"https:\/\/pubeurope.com\/@se\/115644149497579783","error":""},"_links":{"self":[{"href":"https:\/\/www.europesays.com\/se\/wp-json\/wp\/v2\/posts\/94391","targetHints":{"allow":["GET"]}}],"collection":[{"href":"https:\/\/www.europesays.com\/se\/wp-json\/wp\/v2\/posts"}],"about":[{"href":"https:\/\/www.europesays.com\/se\/wp-json\/wp\/v2\/types\/post"}],"author":[{"embeddable":true,"href":"https:\/\/www.europesays.com\/se\/wp-json\/wp\/v2\/users\/2"}],"replies":[{"embeddable":true,"href":"https:\/\/www.europesays.com\/se\/wp-json\/wp\/v2\/comments?post=94391"}],"version-history":[{"count":0,"href":"https:\/\/www.europesays.com\/se\/wp-json\/wp\/v2\/posts\/94391\/revisions"}],"wp:featuredmedia":[{"embeddable":true,"href":"https:\/\/www.europesays.com\/se\/wp-json\/wp\/v2\/media\/54627"}],"wp:attachment":[{"href":"https:\/\/www.europesays.com\/se\/wp-json\/wp\/v2\/media?parent=94391"}],"wp:term":[{"taxonomy":"category","embeddable":true,"href":"https:\/\/www.europesays.com\/se\/wp-json\/wp\/v2\/categories?post=94391"},{"taxonomy":"post_tag","embeddable":true,"href":"https:\/\/www.europesays.com\/se\/wp-json\/wp\/v2\/tags?post=94391"}],"curies":[{"name":"wp","href":"https:\/\/api.w.org\/{rel}","templated":true}]}}