{"id":94395,"date":"2025-12-01T11:52:18","date_gmt":"2025-12-01T11:52:18","guid":{"rendered":"https:\/\/www.europesays.com\/se\/94395\/"},"modified":"2025-12-01T11:52:18","modified_gmt":"2025-12-01T11:52:18","slug":"ninni-och-niclas-fran-gift-vid-forsta-ogonkastet-har-fatt-barn","status":"publish","type":"post","link":"https:\/\/www.europesays.com\/se\/94395\/","title":{"rendered":"Ninni och Niclas fr\u00e5n Gift vid f\u00f6rsta \u00f6gonkastet har f\u00e5tt barn"},"content":{"rendered":"<p>Publicerad 1 dec 2025 kl 11.58<\/p>\n<p>Ninni och Niclas Broberg, k\u00e4nda fr\u00e5n SVT:s \u201dGift vid f\u00f6rsta \u00f6gonkastet\u201d har v\u00e4lkomnat sitt f\u00f6rsta barn.<\/p>\n<p>\u201dVi ska nu forts\u00e4tta njuta av v\u00e5r bebisbubbla och f\u00f6rs\u00f6ka landa i allt som har h\u00e4nt\u201d, skriver tv-paret p\u00e5 Instagram.<\/p>\n<p><img   alt=\"\"\/><\/p>\n<p>Ninni och Niclas Broberg<\/p>\n<p>Foto: SVT<\/p>\n<p>\u00d6ppna bild i helsk\u00e4rm<img loading=\"lazy\"   alt=\"\"\/><\/p>\n<p>Ninni med nyf\u00f6dda sonen.<\/p>\n<p>Foto: Instagram<\/p>\n<p>\u00d6ppna bild i helsk\u00e4rm<\/p>\n<p>Ninni och Niclas Broberg var ett av paren som gifte sig i den f\u00f6rra vinters\u00e4songen av \u201d<a href=\"https:\/\/www.expressen.se\/tagg\/organization\/gift-vid-forsta-ogonkastet\/\" class=\"\" rel=\"nofollow noopener\" target=\"_blank\">Gift vid f\u00f6rsta \u00f6gonkastet<\/a>\u201d i SVT.\u00a0<\/p>\n<p>Nu har paret v\u00e4lkomnat en son.\u00a0<\/p>\n<p>\u201dVi ska nu forts\u00e4tta njuta av v\u00e5r bebisbubbla och f\u00f6rs\u00f6ka landa i allt som har h\u00e4nt\u201d, skriver tv-paret p\u00e5 Instagram.<\/p>\n<p>Ninni och Niclas blev k\u00e4nda som pajparet i sin s\u00e4song av \u201dGift vid f\u00f6rsta \u00f6gonkastet\u201d p\u00e5 grund av sin gemensamma k\u00e4rlek f\u00f6r paj.\u00a0<\/p>\n<p>I mitten av juni tog de till Instagram f\u00f6r att meddela att de v\u00e4ntar barn tillsammans.\u00a0<\/p>\n<p>\u201dHar en liten paj i ugnen!\u201d, skrev de d\u00e5.\u00a0<\/p>\n<p><a href=\"https:\/\/www.instagram.com\/p\/DRt8IcpDA1d\/?img_index=1?hidecaption=true\" data-provider=\"instagram\" class=\"js-social-embed\" rel=\"nofollow noopener\" target=\"_blank\">https:\/\/www.instagram.com\/p\/DRt8IcpDA1d\/?img_index=1?hidecaption=true<\/a><script async src=\"\/\/www.instagram.com\/embed.js\"><\/script><\/p>\n","protected":false},"excerpt":{"rendered":"Publicerad 1 dec 2025 kl 11.58 Ninni och Niclas Broberg, k\u00e4nda fr\u00e5n SVT:s \u201dGift vid f\u00f6rsta \u00f6gonkastet\u201d har&hellip;\n","protected":false},"author":2,"featured_media":94396,"comment_status":"","ping_status":"","sticky":false,"template":"","format":"standard","meta":{"footnotes":""},"categories":[67],"tags":[104,3059,361,34,31,33,32,30,310,218,646,105],"class_list":{"0":"post-94395","1":"post","2":"type-post","3":"status-publish","4":"format-standard","5":"has-post-thumbnail","7":"category-underhallning","8":"tag-entertainment","9":"tag-organization-gift-vid-forsta-ogonkastet","10":"tag-organization-svt","11":"tag-se","12":"tag-svenska","13":"tag-sverige","14":"tag-sweden","15":"tag-swedish","16":"tag-topic-kandisar","17":"tag-topic-realityprogram","18":"tag-topic-tv-serier","19":"tag-underhallning"},"share_on_mastodon":{"url":"https:\/\/pubeurope.com\/@se\/115644173077468255","error":""},"_links":{"self":[{"href":"https:\/\/www.europesays.com\/se\/wp-json\/wp\/v2\/posts\/94395","targetHints":{"allow":["GET"]}}],"collection":[{"href":"https:\/\/www.europesays.com\/se\/wp-json\/wp\/v2\/posts"}],"about":[{"href":"https:\/\/www.europesays.com\/se\/wp-json\/wp\/v2\/types\/post"}],"author":[{"embeddable":true,"href":"https:\/\/www.europesays.com\/se\/wp-json\/wp\/v2\/users\/2"}],"replies":[{"embeddable":true,"href":"https:\/\/www.europesays.com\/se\/wp-json\/wp\/v2\/comments?post=94395"}],"version-history":[{"count":0,"href":"https:\/\/www.europesays.com\/se\/wp-json\/wp\/v2\/posts\/94395\/revisions"}],"wp:featuredmedia":[{"embeddable":true,"href":"https:\/\/www.europesays.com\/se\/wp-json\/wp\/v2\/media\/94396"}],"wp:attachment":[{"href":"https:\/\/www.europesays.com\/se\/wp-json\/wp\/v2\/media?parent=94395"}],"wp:term":[{"taxonomy":"category","embeddable":true,"href":"https:\/\/www.europesays.com\/se\/wp-json\/wp\/v2\/categories?post=94395"},{"taxonomy":"post_tag","embeddable":true,"href":"https:\/\/www.europesays.com\/se\/wp-json\/wp\/v2\/tags?post=94395"}],"curies":[{"name":"wp","href":"https:\/\/api.w.org\/{rel}","templated":true}]}}