{"id":94436,"date":"2025-12-01T12:32:11","date_gmt":"2025-12-01T12:32:11","guid":{"rendered":"https:\/\/www.europesays.com\/se\/94436\/"},"modified":"2025-12-01T12:32:11","modified_gmt":"2025-12-01T12:32:11","slug":"programledarna-checkar-in-i-buren-snart-startar-musikhjalpen-2025-pressinformation","status":"publish","type":"post","link":"https:\/\/www.europesays.com\/se\/94436\/","title":{"rendered":"Programledarna checkar in i buren \u2013 snart startar Musikhj\u00e4lpen 2025 &#8211; Pressinformation"},"content":{"rendered":"<p>\u201dK\u00e4rlekens torg\u201d fylls under Musikhj\u00e4lpenveckan med m\u00e4nniskor som b\u00e5de f\u00f6ljer s\u00e4ndningen och har olika aktiviteter f\u00f6r att samla in pengar. Samtidigt startas sm\u00e5 och stora engagemang runt om i landet till f\u00f6rm\u00e5n f\u00f6r Musikhj\u00e4lpen.<\/p>\n<p>&#8211; Nu \u00e4r det \u00e4ntligen dags f\u00f6r \u00e5rets b\u00e4sta vecka! Vi ser s\u00e5 mycket fram mot en vecka av musik, 47 livespelningar, roliga g\u00e4ster, \u00f6verraskningar och engagemang ihop med svenska folket. Jag hoppas att hela Karlstad kommer till Stora torget i kv\u00e4ll och att hela Sverige lyssnar och tittar p\u00e5 oss i P3 Sveriges Radio och SVT Play kl. 20. Alla \u00e4r v\u00e4lkomna att \u00f6nska l\u00e5tar, sprida k\u00e4rlek framf\u00f6r buren, starta b\u00f6ssor och bidra till alla barns r\u00e4tt att g\u00e5 i skolan, s\u00e4ger projektledare <strong>Simon Rosenqvist<\/strong>.<\/p>\n<p><strong>Kv\u00e4llens schema:<\/strong><\/p>\n<p>20.00 INSL\u00c4PP LIVE: Daniela Rathana TEMA: Kristina Henschen, Radiohj\u00e4lpen<\/p>\n<p>21.30 LIVE: Thomas Stenstr\u00f6m<\/p>\n<p>22.00 TEMA: Isabella Olsson, L\u00e4karmissionen<\/p>\n<p>NATTKOMPIS: Emil Hansius<\/p>\n<p>De vanligaste s\u00e4tten att engagera sig i Musikhj\u00e4lpen:<\/p>\n<ul>\n<li>\n<p>\u00d6nska l\u00e5tar i Duo-appen<\/p>\n<\/li>\n<li>\n<p>Delta i en t\u00e4vling i Musikhj\u00e4lpens b\u00f6ssa<\/p>\n<\/li>\n<li>\n<p>Starta eller delta i en auktion<\/p>\n<\/li>\n<li>\n<p>Starta eller bidra till en Musikhj\u00e4lpen-b\u00f6ssa<\/p>\n<\/li>\n<li>\n<p>Egna aktiviteter f\u00f6r att samla in pengar<\/p>\n<\/li>\n<\/ul>\n<p>Publiken kan \u00e4ven lives\u00e4nda sina engagemang via Duo-appen och p\u00e5 s\u00e5 s\u00e4tt delta i s\u00e4ndningen.<\/p>\n<p><strong>Mer info och hela schemat <\/strong><br \/>P\u00e5\u202f<a target=\"_blank\" rel=\"noopener noreferrer nofollow\" href=\"http:\/\/musikhj\u00e4lpen.se\">http:\/\/musikhj\u00e4lpen.se<\/a>\u202ffinns all information och l\u00e4nkar till de olika s\u00e4tten att samla in pengar. D\u00e4r finns \u00e4ven schemat med alla artister och g\u00e4ster under denna vecka.<\/p>\n<p>Musikhj\u00e4lpen \u00e4r ett samarbete mellan P3 Sveriges Radio, SVT och Radiohj\u00e4lpen. Musikhj\u00e4lpen direkts\u00e4nds i sin helhet i P3 och SVT Play. Stora delar s\u00e4nds \u00e4ven i SVT2 och SVT24.\u202f\u202f<\/p>\n<p><strong>Pressbilder<\/strong><br \/><a class=\"external-link\" rel=\"noreferrer noopener nofollow\" target=\"_blank\" href=\"https:\/\/portal.bildbank.se\/p\/sverigesradio-musikhjalpen\">Pressbilder fr\u00e5n Musikhj\u00e4lpenveckan<\/a> (vid anv\u00e4ndning, ange fotografens namn)<\/p>\n<p>F\u00f6r mer information, v\u00e4nligen kontakta:<\/p>\n<p>Eva Sahlin, pressansvarig<br \/><a target=\"_blank\" rel=\"noopener noreferrer nofollow\" href=\"https:\/\/www.sverigesradio.se\/artikel\/mailto:eva.sahlin@sverigesradio.se\">eva.sahlin@sverigesradio.se<\/a><br \/>070-684 18 52<\/p>\n","protected":false},"excerpt":{"rendered":"\u201dK\u00e4rlekens torg\u201d fylls under Musikhj\u00e4lpenveckan med m\u00e4nniskor som b\u00e5de f\u00f6ljer s\u00e4ndningen och har olika aktiviteter f\u00f6r att samla&hellip;\n","protected":false},"author":2,"featured_media":94437,"comment_status":"","ping_status":"","sticky":false,"template":"","format":"standard","meta":{"footnotes":""},"categories":[67],"tags":[104,1183,1184,1181,1180,34,1182,31,33,32,30,105],"class_list":{"0":"post-94436","1":"post","2":"type-post","3":"status-publish","4":"format-standard","5":"has-post-thumbnail","7":"category-underhallning","8":"tag-entertainment","9":"tag-press-sr","10":"tag-pressinfo-sr","11":"tag-pressinformation-sr","12":"tag-presstjnsten-sveriges-radio","13":"tag-se","14":"tag-sr-press","15":"tag-svenska","16":"tag-sverige","17":"tag-sweden","18":"tag-swedish","19":"tag-underhallning"},"share_on_mastodon":{"url":"https:\/\/pubeurope.com\/@se\/115644330413715283","error":""},"_links":{"self":[{"href":"https:\/\/www.europesays.com\/se\/wp-json\/wp\/v2\/posts\/94436","targetHints":{"allow":["GET"]}}],"collection":[{"href":"https:\/\/www.europesays.com\/se\/wp-json\/wp\/v2\/posts"}],"about":[{"href":"https:\/\/www.europesays.com\/se\/wp-json\/wp\/v2\/types\/post"}],"author":[{"embeddable":true,"href":"https:\/\/www.europesays.com\/se\/wp-json\/wp\/v2\/users\/2"}],"replies":[{"embeddable":true,"href":"https:\/\/www.europesays.com\/se\/wp-json\/wp\/v2\/comments?post=94436"}],"version-history":[{"count":0,"href":"https:\/\/www.europesays.com\/se\/wp-json\/wp\/v2\/posts\/94436\/revisions"}],"wp:featuredmedia":[{"embeddable":true,"href":"https:\/\/www.europesays.com\/se\/wp-json\/wp\/v2\/media\/94437"}],"wp:attachment":[{"href":"https:\/\/www.europesays.com\/se\/wp-json\/wp\/v2\/media?parent=94436"}],"wp:term":[{"taxonomy":"category","embeddable":true,"href":"https:\/\/www.europesays.com\/se\/wp-json\/wp\/v2\/categories?post=94436"},{"taxonomy":"post_tag","embeddable":true,"href":"https:\/\/www.europesays.com\/se\/wp-json\/wp\/v2\/tags?post=94436"}],"curies":[{"name":"wp","href":"https:\/\/api.w.org\/{rel}","templated":true}]}}