{"id":94470,"date":"2025-12-01T13:01:09","date_gmt":"2025-12-01T13:01:09","guid":{"rendered":"https:\/\/www.europesays.com\/se\/94470\/"},"modified":"2025-12-01T13:01:09","modified_gmt":"2025-12-01T13:01:09","slug":"intensiv-diplomati-kring-fredsplanen-for-ukraina-det-hander-nu","status":"publish","type":"post","link":"https:\/\/www.europesays.com\/se\/94470\/","title":{"rendered":"Intensiv diplomati kring fredsplanen f\u00f6r Ukraina \u2013 det h\u00e4nder nu"},"content":{"rendered":"<p>USA:s <a href=\"https:\/\/www.svt.se\/nyheter\/utrikes\/the-telegraph-avslojar-trumps-och-putins-28-punktsplan\" rel=\"nofollow noopener\" target=\"_blank\">28-punktsplan<\/a> f\u00f6r fred i Ukraina l\u00e4ckte i slutet av november. Den har kritiserats h\u00e5rt och beskrivits som en \u201drysk \u00f6nskelista\u201d.<\/p>\n<p>F\u00f6rra helgen h\u00f6lls f\u00f6rhandlingar i Gen\u00e8ve, d\u00e4r representanter fr\u00e5n USA och Ukraina ska ha kommit \u00f6verens om ett nytt ramverk med 19 punkter. <\/p>\n<p>Inneh\u00e5llet \u00e4r inte k\u00e4nt, men k\u00e4nsliga fr\u00e5gor om exempelvis ukrainska territorier utel\u00e4mnades f\u00f6r att f\u00f6rhandlas senare, rapporterar flera medier.<\/p>\n<p>\u201dMycket arbete \u00e5terst\u00e5r\u201d<\/p>\n<p>P\u00e5 s\u00f6ndagen m\u00f6ttes amerikanska och ukrainska delegationer i Florida.<\/p>\n<p>Tv\u00e5 ukrainska k\u00e4llor uppger <a href=\"https:\/\/www.axios.com\/2025\/12\/01\/ukraine-us-meeting-russia-border-peace-deal\" rel=\"nofollow noopener\" target=\"_blank\">f\u00f6r Axios <\/a>att samtalen var \u201dintensiva\u201d och till stor del handlade om den avg\u00f6rande fr\u00e5gan om Ukrainas landgr\u00e4ns.<\/p>\n<p>B\u00e5da sidor beskrev m\u00f6tet som produktivt, men att sv\u00e5ra fr\u00e5gor \u00e4r ol\u00f6sta.<\/p>\n<p>\u2013 Mycket arbete \u00e5terst\u00e5r, sa utrikesminister Marco Rubio efter\u00e5t.<\/p>\n<p>Intensiv diplomatisk vecka<\/p>\n<p>P\u00e5 m\u00e5ndagen reser USA-s\u00e4ndebudet Steve Witkoff till Ryssland f\u00f6r fortsatta samtal i Moskva. Han kommer att tr\u00e4ffa president Putin under tisdagen, uppger Kreml.<\/p>\n<p>Samtidigt tr\u00e4ffar Zelenskyj president Macron i Paris p\u00e5 m\u00e5ndagen f\u00f6r att diskutera l\u00e4get.<\/p>\n<p>EU:s utrikeschef Kaja Kallas s\u00e4ger att den h\u00e4r veckan kan vara diplomatiskt \u201davg\u00f6rande\u201d. Hon uttalade sig ocks\u00e5 om sin syn p\u00e5 inneh\u00e5llet i ett fredsavtal:<\/p>\n<p>\u2013 Om det ska ut\u00f6vas p\u00e5tryckningar p\u00e5 Ukrainas arm\u00e9 som inte invaderat n\u00e5gon, s\u00e5 borde det ocks\u00e5 ske p\u00e5tryckningar mot Rysslands arm\u00e9, sa hon, enligt Sky News.<\/p>\n<p>Efter m\u00f6tet i Florida sa USA:s president Donald Trump att han inte har n\u00e5gon tidsfrist f\u00f6r n\u00e4r han vill att ett fredsavtal ska vara p\u00e5 plats.<\/p>\n<p>\u2013 Tidsfristen \u00e4r n\u00e4r kriget \u00e4r \u00f6ver.<\/p>\n","protected":false},"excerpt":{"rendered":"USA:s 28-punktsplan f\u00f6r fred i Ukraina l\u00e4ckte i slutet av november. Den har kritiserats h\u00e5rt och beskrivits som&hellip;\n","protected":false},"author":2,"featured_media":94471,"comment_status":"","ping_status":"","sticky":false,"template":"","format":"standard","meta":{"footnotes":""},"categories":[14],"tags":[22,23,26,27,17,21,24,25,28,29,15,16,18,34,31,33,32,30,19,20,51,52,53,54],"class_list":{"0":"post-94470","1":"post","2":"type-post","3":"status-publish","4":"format-standard","5":"has-post-thumbnail","7":"category-varlden","8":"tag-breaking-news","9":"tag-breakingnews","10":"tag-featured-news","11":"tag-featurednews","12":"tag-headlines","13":"tag-huvudnyheter","14":"tag-latest-news","15":"tag-latestnews","16":"tag-main-news","17":"tag-mainnews","18":"tag-news","19":"tag-nyheter","20":"tag-rubriker","21":"tag-se","22":"tag-svenska","23":"tag-sverige","24":"tag-sweden","25":"tag-swedish","26":"tag-top-stories","27":"tag-topstories","28":"tag-varlden","29":"tag-world","30":"tag-world-news","31":"tag-worldnews"},"share_on_mastodon":{"url":"https:\/\/pubeurope.com\/@se\/115644444448305795","error":""},"_links":{"self":[{"href":"https:\/\/www.europesays.com\/se\/wp-json\/wp\/v2\/posts\/94470","targetHints":{"allow":["GET"]}}],"collection":[{"href":"https:\/\/www.europesays.com\/se\/wp-json\/wp\/v2\/posts"}],"about":[{"href":"https:\/\/www.europesays.com\/se\/wp-json\/wp\/v2\/types\/post"}],"author":[{"embeddable":true,"href":"https:\/\/www.europesays.com\/se\/wp-json\/wp\/v2\/users\/2"}],"replies":[{"embeddable":true,"href":"https:\/\/www.europesays.com\/se\/wp-json\/wp\/v2\/comments?post=94470"}],"version-history":[{"count":0,"href":"https:\/\/www.europesays.com\/se\/wp-json\/wp\/v2\/posts\/94470\/revisions"}],"wp:featuredmedia":[{"embeddable":true,"href":"https:\/\/www.europesays.com\/se\/wp-json\/wp\/v2\/media\/94471"}],"wp:attachment":[{"href":"https:\/\/www.europesays.com\/se\/wp-json\/wp\/v2\/media?parent=94470"}],"wp:term":[{"taxonomy":"category","embeddable":true,"href":"https:\/\/www.europesays.com\/se\/wp-json\/wp\/v2\/categories?post=94470"},{"taxonomy":"post_tag","embeddable":true,"href":"https:\/\/www.europesays.com\/se\/wp-json\/wp\/v2\/tags?post=94470"}],"curies":[{"name":"wp","href":"https:\/\/api.w.org\/{rel}","templated":true}]}}