{"id":94505,"date":"2025-12-01T13:46:09","date_gmt":"2025-12-01T13:46:09","guid":{"rendered":"https:\/\/www.europesays.com\/se\/94505\/"},"modified":"2025-12-01T13:46:09","modified_gmt":"2025-12-01T13:46:09","slug":"vaccinera-dig-mot-influensa-i-god-tid","status":"publish","type":"post","link":"https:\/\/www.europesays.com\/se\/94505\/","title":{"rendered":"Vaccinera dig mot influensa i god tid"},"content":{"rendered":"<p>I G\u00e4vleborg \u00e4r influensan fortfarande p\u00e5 en l\u00e5g niv\u00e5, men tidiga signaler visar att smittan \u00e4r p\u00e5 v\u00e4g upp\u00e5t.<\/p>\n<p>\u2013 Mitt budskap \u00e4r tydligt: v\u00e4nta inte med vaccinationen. F\u00f6r de som rekommenderas att vaccinera sig \u00e4r det h\u00e4r ett viktigt tillf\u00e4lle att skapa ett starkt skydd inf\u00f6r vintern, s\u00e4ger Jennie Midendal, tillf\u00f6rordnad smittskyddsl\u00e4kare i Region G\u00e4vleborg.<\/p>\n<p>Vaccinet ger fortsatt gott skydd<\/p>\n<p>Influensavirus f\u00f6r\u00e4ndras naturligt fr\u00e5n \u00e5r till \u00e5r. \u00c5rets variant \u2013 undergrupp K \u2013 som blivit mer framtr\u00e4dande under \u00e5ret och nu uppm\u00e4rksammas internationellt, tillh\u00f6r influensa A (H3N2).<\/p>\n<p>D\u00e5 liknande varianter inte varit i omlopp p\u00e5 m\u00e5nga \u00e5r \u00e4r befolkningens grundimmunitet l\u00e4gre, och \u00e4ven om vaccinets tr\u00e4ffs\u00e4kerhet kan vara n\u00e5got l\u00e4gre i \u00e5r s\u00e5 skyddar det mot allvarlig sjukdom. Vaccinet ger ocks\u00e5 ett gott skydd mot andra cirkulerande influensatyper.<\/p>\n<p>\u2013 Det st\u00e4mmer att vaccinet inte \u00e4r specifikt riktat mot just K-undergruppen. Men allt tyder p\u00e5 att det fortfarande skyddar mycket v\u00e4l mot sv\u00e5r influensa, s\u00e4ger Jennie Midendal.<\/p>\n<p>Vaccinera dig i god tid<\/p>\n<p>N\u00e4r influensas\u00e4songen tar fart \u00f6kar spridningen ofta snabbt. En tidig vaccination ger ett stabilt skydd n\u00e4r smittan stiger och bidrar samtidigt till att minska belastningen p\u00e5 v\u00e5rden.<\/p>\n<p>\u2013 Ju fler som vaccinerar sig nu, desto b\u00e4ttre skyddar vi b\u00e5de individer och sjukv\u00e5rden i regionen, s\u00e4ger Jennie Midendal.<\/p>\n<p>S\u00e5 skyddar du dig och andra<\/p>\n<p>Ut\u00f6ver vaccination \u00e4r det viktigt att forts\u00e4tta med enkla smittf\u00f6rebyggande vanor:<\/p>\n<ul>\n<li>Tv\u00e4tta h\u00e4nderna ofta<\/li>\n<li>Nys och hosta i armvecket<\/li>\n<li>Anv\u00e4nd eng\u00e5ngsn\u00e4sdukar<\/li>\n<li>Stanna hemma n\u00e4r du \u00e4r sjuk, s\u00e4rskilt de f\u00f6rsta dagarna<\/li>\n<li>Undvik att tr\u00e4ffa \u00e4ldre eller personer med underliggande sjukdomar om du har symtom<\/li>\n<\/ul>\n<p>\u2013 Sm\u00e5 vanor g\u00f6r stor skillnad. Genom att stanna hemma vid symtom och t\u00e4nka p\u00e5 handhygienen minskar vi risken att sprida smitta till personer som kan bli sv\u00e5rt sjuka, s\u00e4ger Jennie Midendal.<\/p>\n","protected":false},"excerpt":{"rendered":"I G\u00e4vleborg \u00e4r influensan fortfarande p\u00e5 en l\u00e5g niv\u00e5, men tidiga signaler visar att smittan \u00e4r p\u00e5 v\u00e4g&hellip;\n","protected":false},"author":2,"featured_media":94506,"comment_status":"","ping_status":"","sticky":false,"template":"","format":"standard","meta":{"footnotes":""},"categories":[69],"tags":[113,112,34,31,33,32,30],"class_list":{"0":"post-94505","1":"post","2":"type-post","3":"status-publish","4":"format-standard","5":"has-post-thumbnail","7":"category-halsa","8":"tag-halsa","9":"tag-health","10":"tag-se","11":"tag-svenska","12":"tag-sverige","13":"tag-sweden","14":"tag-swedish"},"share_on_mastodon":{"url":"https:\/\/pubeurope.com\/@se\/115644621569925952","error":""},"_links":{"self":[{"href":"https:\/\/www.europesays.com\/se\/wp-json\/wp\/v2\/posts\/94505","targetHints":{"allow":["GET"]}}],"collection":[{"href":"https:\/\/www.europesays.com\/se\/wp-json\/wp\/v2\/posts"}],"about":[{"href":"https:\/\/www.europesays.com\/se\/wp-json\/wp\/v2\/types\/post"}],"author":[{"embeddable":true,"href":"https:\/\/www.europesays.com\/se\/wp-json\/wp\/v2\/users\/2"}],"replies":[{"embeddable":true,"href":"https:\/\/www.europesays.com\/se\/wp-json\/wp\/v2\/comments?post=94505"}],"version-history":[{"count":0,"href":"https:\/\/www.europesays.com\/se\/wp-json\/wp\/v2\/posts\/94505\/revisions"}],"wp:featuredmedia":[{"embeddable":true,"href":"https:\/\/www.europesays.com\/se\/wp-json\/wp\/v2\/media\/94506"}],"wp:attachment":[{"href":"https:\/\/www.europesays.com\/se\/wp-json\/wp\/v2\/media?parent=94505"}],"wp:term":[{"taxonomy":"category","embeddable":true,"href":"https:\/\/www.europesays.com\/se\/wp-json\/wp\/v2\/categories?post=94505"},{"taxonomy":"post_tag","embeddable":true,"href":"https:\/\/www.europesays.com\/se\/wp-json\/wp\/v2\/tags?post=94505"}],"curies":[{"name":"wp","href":"https:\/\/api.w.org\/{rel}","templated":true}]}}