{"id":94507,"date":"2025-12-01T13:47:14","date_gmt":"2025-12-01T13:47:14","guid":{"rendered":"https:\/\/www.europesays.com\/se\/94507\/"},"modified":"2025-12-01T13:47:14","modified_gmt":"2025-12-01T13:47:14","slug":"oskari-laaksonen-atervander-till-lulea-shl","status":"publish","type":"post","link":"https:\/\/www.europesays.com\/se\/94507\/","title":{"rendered":"Oskari Laaksonen \u00e5terv\u00e4nder till Lule\u00e5 | SHL"},"content":{"rendered":"<p>Publicerad 1 dec 2025 kl 12.17Uppdaterad kl 13.56<\/p>\n<p>Oskari Laaksonen \u00e5terv\u00e4nder till Lule\u00e5. Det bekr\u00e4ftar klubben under m\u00e5ndagen.<\/p>\n<p>\u2013 Det k\u00e4nns oerh\u00f6rt bra, s\u00e4ger han.<\/p>\n<p><img   alt=\"\"\/> <\/p>\n<p>Foto: FREDRIK SUNDVALL \/ BILDBYR\u00c5N<\/p>\n<p>\u00d6ppna bild i helsk\u00e4rm<\/p>\n<p>Expressen <a href=\"https:\/\/www.expressen.se\/sport\/hockey\/shl\/sillyrummet-hogaktuell-for-shl-aterkomst--de-forlanger-avtalen\" rel=\"nofollow noopener\" target=\"_blank\">kunde f\u00f6rra veckan avsl\u00f6ja<\/a> att Oskari Laaksonen var p\u00e5 v\u00e4g att l\u00e4mna Biel och \u00e5terv\u00e4nda till Lule\u00e5 p\u00e5 ett l\u00e5ngtidskontrakt.<\/p>\n<p>26-\u00e5rigen skrev p\u00e5 till v\u00e5ren 2027, men tiden i Schweiz har inte blivit som t\u00e4nkt vilket lett till att den schweiziska klubben nu tr\u00f6ttnat.<\/p>\n<p>Nu bekr\u00e4ftar Lule\u00e5 att man gjort klart med ett fyra\u00e5rskontrakt f\u00f6r den tidigare guldhj\u00e4lten.\u00a0<\/p>\n<p>\u2013 Vi har inte aktivt letat efter en spelare av Oskaris kaliber, men n\u00e4r m\u00f6jligheten helt pl\u00f6tsligt uppstod var det inget att tveka p\u00e5, speciellt som han kommer kunna hj\u00e4lpa oss b\u00e5de den h\u00e4r s\u00e4songen och p\u00e5 l\u00e4ngre sikt, s\u00e4ger Lule\u00e5s general manager Thomas Fr\u00f6berg.<\/p>\n<p>Laaksonen sj\u00e4lv s\u00e4ger att han ser fram emot att tr\u00e4ffa killarna i laget.<\/p>\n<p>\u2013 Det k\u00e4nns oerh\u00f6rt bra att \u00e5terv\u00e4nda till <a href=\"https:\/\/www.expressen.se\/tagg\/organization\/lulea-hockey\/\" class=\"\" rel=\"nofollow noopener\" target=\"_blank\">Lule\u00e5 Hockey<\/a> igen \u2013 jag trivdes v\u00e4ldigt bra med b\u00e5de staden och f\u00f6reningen under mina tv\u00e5 tidigare s\u00e4songer i SHL. Och avslutet i v\u00e5ras kommer bli sv\u00e5rt att toppa, \u00e4ven om det s\u00e5 klart \u00e4r m\u00e5ls\u00e4ttningen.<\/p>\n<p>Det blev totalt 16 matcher, d\u00e4r han stod f\u00f6r fyra assist, f\u00f6r Laaksonen i den schweiziska ligan.<\/p>\n<p><strong>L\u00c4S MER: <\/strong><a href=\"https:\/\/www.expressen.se\/sport\/hockey\/shl\/oscar-engsund-har-lamnat-sjukhuset\/\" class=\"\" rel=\"nofollow noopener\" target=\"_blank\">Oscar Engsund har l\u00e4mnat sjukhuset<\/a><\/p>\n","protected":false},"excerpt":{"rendered":"Publicerad 1 dec 2025 kl 12.17Uppdaterad kl 13.56 Oskari Laaksonen \u00e5terv\u00e4nder till Lule\u00e5. Det bekr\u00e4ftar klubben under m\u00e5ndagen.&hellip;\n","protected":false},"author":2,"featured_media":94508,"comment_status":"","ping_status":"","sticky":false,"template":"","format":"standard","meta":{"footnotes":""},"categories":[68],"tags":[1178,34,255,823,111,110,31,33,32,30],"class_list":{"0":"post-94507","1":"post","2":"type-post","3":"status-publish","4":"format-standard","5":"has-post-thumbnail","7":"category-sport","8":"tag-organization-lulea-hockey","9":"tag-se","10":"tag-sections-ishockey","11":"tag-sections-shl","12":"tag-sport","13":"tag-sports","14":"tag-svenska","15":"tag-sverige","16":"tag-sweden","17":"tag-swedish"},"share_on_mastodon":{"url":"https:\/\/pubeurope.com\/@se\/115644625394410762","error":""},"_links":{"self":[{"href":"https:\/\/www.europesays.com\/se\/wp-json\/wp\/v2\/posts\/94507","targetHints":{"allow":["GET"]}}],"collection":[{"href":"https:\/\/www.europesays.com\/se\/wp-json\/wp\/v2\/posts"}],"about":[{"href":"https:\/\/www.europesays.com\/se\/wp-json\/wp\/v2\/types\/post"}],"author":[{"embeddable":true,"href":"https:\/\/www.europesays.com\/se\/wp-json\/wp\/v2\/users\/2"}],"replies":[{"embeddable":true,"href":"https:\/\/www.europesays.com\/se\/wp-json\/wp\/v2\/comments?post=94507"}],"version-history":[{"count":0,"href":"https:\/\/www.europesays.com\/se\/wp-json\/wp\/v2\/posts\/94507\/revisions"}],"wp:featuredmedia":[{"embeddable":true,"href":"https:\/\/www.europesays.com\/se\/wp-json\/wp\/v2\/media\/94508"}],"wp:attachment":[{"href":"https:\/\/www.europesays.com\/se\/wp-json\/wp\/v2\/media?parent=94507"}],"wp:term":[{"taxonomy":"category","embeddable":true,"href":"https:\/\/www.europesays.com\/se\/wp-json\/wp\/v2\/categories?post=94507"},{"taxonomy":"post_tag","embeddable":true,"href":"https:\/\/www.europesays.com\/se\/wp-json\/wp\/v2\/tags?post=94507"}],"curies":[{"name":"wp","href":"https:\/\/api.w.org\/{rel}","templated":true}]}}