{"id":94511,"date":"2025-12-01T13:50:19","date_gmt":"2025-12-01T13:50:19","guid":{"rendered":"https:\/\/www.europesays.com\/se\/94511\/"},"modified":"2025-12-01T13:50:19","modified_gmt":"2025-12-01T13:50:19","slug":"valmyndighetens-annonser-stoppas-av-meta","status":"publish","type":"post","link":"https:\/\/www.europesays.com\/se\/94511\/","title":{"rendered":"Valmyndighetens annonser stoppas av Meta"},"content":{"rendered":"<p>\t\t\t\t\t<a href=\"https:\/\/www.tn.se\/svensk-politik\/\" rel=\"nofollow noopener\" target=\"_blank\"><br \/>\n\t\t\t\tVALET 2026<br \/>\n\t\t\t<\/a><\/p>\n<p>\t\t\t\t<img decoding=\"async\" class=\"figure-img img-fluid\"  src=\"https:\/\/www.europesays.com\/se\/wp-content\/uploads\/2025\/12\/1764597019_347_bilder.tn.se\" alt=\"\" itemprop=\"image\"\/><\/p>\n<p>\t\t\t\t\t\t\t\t\tVallokalen i Allhelgonakyrkan p\u00e5 S\u00f6dermalm i Stockholm n\u00e4r vallokalerna f\u00f6r kyrkovalet 2025 \u00f6ppnade.<br \/>\n\t\t\t\t\t\t\t\t\t\t\t\t\tBild:<br \/>\n\t\t\t\t\tNicklas Thegerstr\u00f6m\/TT<\/p>\n<p class=\"ew-preamble\" itemprop=\"description\">Valmyndighetens annonser om n\u00e4sta \u00e5rs val stoppas av Facebooks och Instagrams \u00e4garbolag Meta med h\u00e4nvisning till EU:s nya regler om politisk reklam, rapporterar DN.<\/p>\n<p>\n\t\tPublicerad:<br \/>\n\t\t1 dec 2025, 14:14\n\t<\/p>\n<p class=\"ew-body\">Sedan den 6 oktober till\u00e5ter inte l\u00e4ngre Meta, som \u00e4ger Facebook och Instagram, politiska annonser p\u00e5 sina plattformar i EU. Anledningen \u00e4r att unionen inf\u00f6rt ett nytt regelverk om transparens kring politisk reklam som g\u00f6r det f\u00f6r kr\u00e5ngligt och os\u00e4kert, uppgav den amerikanska teknikj\u00e4tten i samband med beslutet som togs i somras.<\/p>\n<p class=\"ew-body\">Nu st\u00e5r det klart att Meta \u00e4ven f\u00f6rbjuder information fr\u00e5n Valmyndigheten om svenska val p\u00e5 plattformarna, enligt DN.<\/p>\n<p class=\"ew-body\">\u2013 Facebook och Instagram har varit en stor kanal f\u00f6r oss f\u00f6r att informera om var, n\u00e4r och hur valet \u00e4ger rum. D\u00e4rf\u00f6r \u00e4r beskedet ett allvarligt demokratiproblem, s\u00e4ger Anna Nyqvist, kanslichef p\u00e5 Valmyndigheten, till tidningen.<\/p>\n<p class=\"ew-body\">Vid det senaste riksdagsvalet annonserade Valmyndigheten f\u00f6r 1,9 miljoner kronor hos Meta. Myndigheten har i ett brev till bolaget framf\u00f6rt sin oro \u00f6ver beslutet, som man anser f\u00f6rsv\u00e5rar f\u00f6r myndigheten att motverka desinformation i samband med valet.<\/p>\n<p class=\"ew-body\">Enligt DN, som s\u00f6kt Meta, h\u00e4nvisar bolaget till ett tidigare uttalande d\u00e4r man skriver att de nya EU-reglerna \u00e4r f\u00f6r l\u00e5ngtg\u00e5ende.<\/p>\n<p>\n\t\tPublicerad:<br \/>\n\t\t1 dec 2025, 14:14\n\t<\/p>\n","protected":false},"excerpt":{"rendered":"VALET 2026 Vallokalen i Allhelgonakyrkan p\u00e5 S\u00f6dermalm i Stockholm n\u00e4r vallokalerna f\u00f6r kyrkovalet 2025 \u00f6ppnade. Bild: Nicklas Thegerstr\u00f6m\/TT&hellip;\n","protected":false},"author":2,"featured_media":94512,"comment_status":"","ping_status":"","sticky":false,"template":"","format":"standard","meta":{"footnotes":""},"categories":[65],"tags":[72,70,71,34,31,33,32,30],"class_list":{"0":"post-94511","1":"post","2":"type-post","3":"status-publish","4":"format-standard","5":"has-post-thumbnail","7":"category-ekonomi","8":"tag-business","9":"tag-economy","10":"tag-ekonomi","11":"tag-se","12":"tag-svenska","13":"tag-sverige","14":"tag-sweden","15":"tag-swedish"},"share_on_mastodon":{"url":"https:\/\/pubeurope.com\/@se\/115644637331547652","error":""},"_links":{"self":[{"href":"https:\/\/www.europesays.com\/se\/wp-json\/wp\/v2\/posts\/94511","targetHints":{"allow":["GET"]}}],"collection":[{"href":"https:\/\/www.europesays.com\/se\/wp-json\/wp\/v2\/posts"}],"about":[{"href":"https:\/\/www.europesays.com\/se\/wp-json\/wp\/v2\/types\/post"}],"author":[{"embeddable":true,"href":"https:\/\/www.europesays.com\/se\/wp-json\/wp\/v2\/users\/2"}],"replies":[{"embeddable":true,"href":"https:\/\/www.europesays.com\/se\/wp-json\/wp\/v2\/comments?post=94511"}],"version-history":[{"count":0,"href":"https:\/\/www.europesays.com\/se\/wp-json\/wp\/v2\/posts\/94511\/revisions"}],"wp:featuredmedia":[{"embeddable":true,"href":"https:\/\/www.europesays.com\/se\/wp-json\/wp\/v2\/media\/94512"}],"wp:attachment":[{"href":"https:\/\/www.europesays.com\/se\/wp-json\/wp\/v2\/media?parent=94511"}],"wp:term":[{"taxonomy":"category","embeddable":true,"href":"https:\/\/www.europesays.com\/se\/wp-json\/wp\/v2\/categories?post=94511"},{"taxonomy":"post_tag","embeddable":true,"href":"https:\/\/www.europesays.com\/se\/wp-json\/wp\/v2\/tags?post=94511"}],"curies":[{"name":"wp","href":"https:\/\/api.w.org\/{rel}","templated":true}]}}