{"id":94518,"date":"2025-12-01T13:54:07","date_gmt":"2025-12-01T13:54:07","guid":{"rendered":"https:\/\/www.europesays.com\/se\/94518\/"},"modified":"2025-12-01T13:54:07","modified_gmt":"2025-12-01T13:54:07","slug":"tatuering-okar-risken-for-melanom-ny-svensk-studie","status":"publish","type":"post","link":"https:\/\/www.europesays.com\/se\/94518\/","title":{"rendered":"Tatuering \u00f6kar risken f\u00f6r melanom \u2013 ny svensk studie"},"content":{"rendered":"<p class=\"sc-c25743f0-0 sc-e37c0145-2 hObFds DQgPn\">Tatueringar har blivit allt vanligare i Sverige de senaste decennierna. Ungef\u00e4r en av fem svenskar \u00e4r tatuerad, vilket \u00e4r h\u00f6gt i ett europeiskt perspektiv. Bland kvinnor under 40 \u00e5r \u00e4r andelen \u00f6ver 40 procent, enligt forskare vid Lunds universitet som nu unders\u00f6kt sambandet mellan tatueringar och melanom.<\/p>\n<p class=\"sc-c25743f0-0 sc-e37c0145-2 hObFds DQgPn\">Under de senaste 30 \u00e5ren har melanom, den allvarligaste formen av hudcancer, \u00f6kat kraftigt i Sverige. Varje \u00e5r drabbas omkring 5 000 svenskar av melanom. \u00d6kningen tros bero p\u00e5 b\u00e5de h\u00f6gre UV-str\u00e5lning och \u00f6kad exponering f\u00f6r kemikalier. <\/p>\n<p>Forskning om tatueringar och cancer<\/p>\n<p class=\"sc-c25743f0-0 sc-e37c0145-2 hObFds DQgPn\">Forskaren Christel Nielsen, sj\u00e4lv tatuerad, har lett flera studier om tatueringars p\u00e5verkan p\u00e5 h\u00e4lsan. En f\u00f6rsta studie fr\u00e5n v\u00e5ren 2024 visade att tatuerade personer hade en 20-procentig risk\u00f6kning f\u00f6r lymfom, en form av lymfk\u00f6rtelcancer. En andra studie om skivepitelcancer i huden visade d\u00e4remot inget samband.<\/p>\n<p>I den nu aktuella studien, den f\u00f6rsta i sitt slag i v\u00e4rlden, unders\u00f6ktes sambandet mellan tatueringar och melanom. Forskarna identifierade 2 880 personer mellan 20 och 60 \u00e5r med melanom via svenska befolkningsregister och cancerregistret, och j\u00e4mf\u00f6rde dem med friska kontrollpersoner. De tog h\u00e4nsyn till faktorer som solvanor, solarieanv\u00e4ndning, r\u00f6kning, utbildning och hudtyp.<\/p>\n<p class=\"sc-c25743f0-0 sc-e37c0145-2 hObFds DQgPn\">\u2013 Efter att ha justerat f\u00f6r dessa faktorer kvarstod en 29-procentig risk\u00f6kning f\u00f6r melanom bland tatuerade. Jag vill inte vara alarmistisk, f\u00f6r risken \u00e4r f\u00f6rh\u00e5llandevis l\u00e5g till fr\u00e5n b\u00f6rjan, s\u00e4ger Christel Nielsen, docent i epidemiologi vid Lunds universitet.<\/p>\n<p>Mekanismer fortfarande oklara<\/p>\n<p class=\"sc-c25743f0-0 sc-e37c0145-2 hObFds DQgPn\">Forskarna vet \u00e4nnu inte varf\u00f6r tatueringar \u00f6kar risken f\u00f6r melanom. En hypotes \u00e4r att tatueringsf\u00e4rgen, som ofta lagras i lymfk\u00f6rtlarna, kan p\u00e5verka immunf\u00f6rsvaret.<\/p>\n<p>\u2013 Vi vet att f\u00e4rgen flyttar sig fr\u00e5n huden till lymfk\u00f6rtlarna, som \u00e4r en viktig del av immunf\u00f6rsvaret. Det p\u00e5g\u00e5r forskning som tyder p\u00e5 att immunf\u00f6rsvaret fungerar lite s\u00e4mre p\u00e5 grund av f\u00e4rgen, s\u00e4ger Christel Nielsen.<\/p>\n<p>Forskargruppen g\u00e5r nu vidare och unders\u00f6ker m\u00f6jliga samband mellan tatueringar och autoimmuna sjukdomar, som psoriasis och sk\u00f6ldk\u00f6rtelsjukdom.<\/p>\n<p>Var uppm\u00e4rksam p\u00e5 f\u00f6r\u00e4ndringar<\/p>\n<p class=\"sc-c25743f0-0 sc-e37c0145-2 hObFds DQgPn\">Sedan 2022 har EU inf\u00f6rt h\u00e5rdare regler f\u00f6r kemikalier i tatueringsf\u00e4rger, men kontroller visar att gr\u00e4nsv\u00e4rden fortfarande kan \u00f6verskridas.<\/p>\n<p>\u2013 I den nya EU-lagen har man inf\u00f6rt koncentrationsgr\u00e4nser f\u00f6r vissa kemikalier. Den nya lagstiftningen \u00e4r ett steg i r\u00e4tt riktning. Vi beh\u00f6ver mer kunskapsunderlag s\u00e5 att folk kan fatta informerade beslut, s\u00e5 att det kan vara upp till individen om man vill tatuera sig.<\/p>\n<p>Christel Nielsen vill inte ge generella rekommendationer, men uppmanar alla att vara uppm\u00e4rksamma p\u00e5 f\u00f6r\u00e4ndringar i huden.<\/p>\n<p>\u2013 Just n\u00e4r det g\u00e4ller melanom s\u00e5 ska man vara observant, oavsett om man \u00e4r tatuerad eller inte. Och har man n\u00e5gonting som man undrar \u00f6ver s\u00e5 ska man kolla upp det, s\u00e4ger hon.<\/p>\n","protected":false},"excerpt":{"rendered":"Tatueringar har blivit allt vanligare i Sverige de senaste decennierna. Ungef\u00e4r en av fem svenskar \u00e4r tatuerad, vilket&hellip;\n","protected":false},"author":2,"featured_media":94519,"comment_status":"","ping_status":"","sticky":false,"template":"","format":"standard","meta":{"footnotes":""},"categories":[69],"tags":[113,112,34,31,33,32,30],"class_list":{"0":"post-94518","1":"post","2":"type-post","3":"status-publish","4":"format-standard","5":"has-post-thumbnail","7":"category-halsa","8":"tag-halsa","9":"tag-health","10":"tag-se","11":"tag-svenska","12":"tag-sverige","13":"tag-sweden","14":"tag-swedish"},"share_on_mastodon":{"url":"https:\/\/pubeurope.com\/@se\/115644652797660132","error":""},"_links":{"self":[{"href":"https:\/\/www.europesays.com\/se\/wp-json\/wp\/v2\/posts\/94518","targetHints":{"allow":["GET"]}}],"collection":[{"href":"https:\/\/www.europesays.com\/se\/wp-json\/wp\/v2\/posts"}],"about":[{"href":"https:\/\/www.europesays.com\/se\/wp-json\/wp\/v2\/types\/post"}],"author":[{"embeddable":true,"href":"https:\/\/www.europesays.com\/se\/wp-json\/wp\/v2\/users\/2"}],"replies":[{"embeddable":true,"href":"https:\/\/www.europesays.com\/se\/wp-json\/wp\/v2\/comments?post=94518"}],"version-history":[{"count":0,"href":"https:\/\/www.europesays.com\/se\/wp-json\/wp\/v2\/posts\/94518\/revisions"}],"wp:featuredmedia":[{"embeddable":true,"href":"https:\/\/www.europesays.com\/se\/wp-json\/wp\/v2\/media\/94519"}],"wp:attachment":[{"href":"https:\/\/www.europesays.com\/se\/wp-json\/wp\/v2\/media?parent=94518"}],"wp:term":[{"taxonomy":"category","embeddable":true,"href":"https:\/\/www.europesays.com\/se\/wp-json\/wp\/v2\/categories?post=94518"},{"taxonomy":"post_tag","embeddable":true,"href":"https:\/\/www.europesays.com\/se\/wp-json\/wp\/v2\/tags?post=94518"}],"curies":[{"name":"wp","href":"https:\/\/api.w.org\/{rel}","templated":true}]}}