{"id":94536,"date":"2025-12-01T14:05:09","date_gmt":"2025-12-01T14:05:09","guid":{"rendered":"https:\/\/www.europesays.com\/se\/94536\/"},"modified":"2025-12-01T14:05:09","modified_gmt":"2025-12-01T14:05:09","slug":"nya-siffror-avslojar-intressant-utveckling-i-windows-anvandandet","status":"publish","type":"post","link":"https:\/\/www.europesays.com\/se\/94536\/","title":{"rendered":"Nya siffror avsl\u00f6jar intressant utveckling i Windows-anv\u00e4ndandet"},"content":{"rendered":"<p>Det har nu g\u00e5tt en och en halv m\u00e5nad sedan Microsoft <a href=\"https:\/\/www.pcforalla.se\/article\/2940110\/idag-upphor-den-allmanna-supporten-for-windows-10.html\" rel=\"nofollow noopener\" target=\"_blank\">lade ned<\/a> det allm\u00e4nna st\u00f6det f\u00f6r Windows 10, men trots det avsl\u00f6jar de <a href=\"https:\/\/idg.digidip.net\/visit?url=https:\/\/gs.statcounter.com\/windows-version-market-share\/desktop\/worldwide&amp;currurl=https:\/\/www.pcforalla.se\/article\/2995696\/nya-siffror-avslojar-intressant-utveckling-i-windows-anvandandet.html&amp;ref=8-1-2995696-1-0-0-0-0\" target=\"_blank\" rel=\"nofollow noopener\" data-subtag=\"8-1-2995696-1-0-0-0-0\" data-domain-name=\"statcounter\">senaste siffrorna fr\u00e5n Statcounter<\/a> n\u00e5got underligt. J\u00e4mf\u00f6rt med <a href=\"https:\/\/www.pcforalla.se\/article\/2380599\/windows-statcounter.html\" rel=\"nofollow noopener\" target=\"_blank\">f\u00f6reg\u00e5ende m\u00e5nad<\/a> \u00f6kade n\u00e4mligen andelen Windows 10-anv\u00e4ndare under november.<\/p>\n<p><strong>L\u00e4s \u00e4ven:\u00a0<a href=\"https:\/\/www.pcforalla.se\/article\/2989884\/siffror-fran-dell-avslojar-klent-intresse-for-windows-11.html\" rel=\"nofollow noopener\" target=\"_blank\">Siffror fr\u00e5n Dell avsl\u00f6jar klent intresse f\u00f6r Windows 11<\/a><\/strong><\/p>\n<p><img decoding=\"async\" data-wp-class--hide=\"state.isContentHidden\" data-wp-class--show=\"state.isContentVisible\" data-wp-init=\"callbacks.setButtonStyles\" data-wp-on-async--click=\"actions.showLightbox\" data-wp-on-async--load=\"callbacks.setButtonStyles\" data-wp-on-async-window--resize=\"callbacks.setButtonStyles\" src=\"https:\/\/www.europesays.com\/se\/wp-content\/uploads\/2025\/12\/StatCounter-windows_version-ww-monthly-202410-202511.png\" alt=\"Statcounter Windows marketshare november 2025\" class=\"wp-image-2995703\"  width=\"1200\" height=\"675\"  loading=\"lazy\"\/><\/p>\n<p class=\"imageCredit\">Statcounter<\/p>\n<p>Andelen f\u00f6r Windows 10 \u00f6kade med drygt en procentenhet, fr\u00e5n 41,71 till 42,7 procent. \u00c4ven andelen Windows 7-anv\u00e4ndare \u00f6kade under november, fr\u00e5n 2,52 till 2,93 procent. Windows 11-anv\u00e4ndandet sj\u00f6nk d\u00e4remot fr\u00e5n 55,18 procent till 53,7 procent.<\/p>\n<p>Microsoft har den senaste m\u00e5naden m\u00f6tt en <a href=\"https:\/\/www.pcforalla.se\/article\/2979255\/microsofts-kaffe-inlagg-retar-gallfeber-pa-utvecklare.html\" rel=\"nofollow noopener\" target=\"_blank\">hel del<\/a> <a href=\"https:\/\/www.pcforalla.se\/article\/2992499\/fortsatt-kritik-mot-microsofts-satsning-pa-copilot.html\" rel=\"nofollow noopener\" target=\"_blank\">kritik<\/a> f\u00f6r AI-fokuset i Windows 11, och har \u00e4ven erk\u00e4nt att de <a href=\"https:\/\/www.pcforalla.se\/article\/2981358\/allvarliga-buggar-i-nastan-alla-karnfunktioner-i-windows-11.html\" rel=\"nofollow noopener\" target=\"_blank\">flesta av operativsystemets k\u00e4rnfunktioner<\/a> lider av allvarliga buggar.<\/p>\n","protected":false},"excerpt":{"rendered":"Det har nu g\u00e5tt en och en halv m\u00e5nad sedan Microsoft lade ned det allm\u00e4nna st\u00f6det f\u00f6r Windows&hellip;\n","protected":false},"author":2,"featured_media":94537,"comment_status":"","ping_status":"","sticky":false,"template":"","format":"standard","meta":{"footnotes":""},"categories":[66],"tags":[80,78,79,34,31,33,32,30,81,84,83,82],"class_list":{"0":"post-94536","1":"post","2":"type-post","3":"status-publish","4":"format-standard","5":"has-post-thumbnail","7":"category-vetenskap-och-teknik","8":"tag-science","9":"tag-science-and-technology","10":"tag-scienceandtechnology","11":"tag-se","12":"tag-svenska","13":"tag-sverige","14":"tag-sweden","15":"tag-swedish","16":"tag-technology","17":"tag-teknik","18":"tag-vetenskap","19":"tag-vetenskapteknik"},"share_on_mastodon":{"url":"https:\/\/pubeurope.com\/@se\/115644696292831330","error":""},"_links":{"self":[{"href":"https:\/\/www.europesays.com\/se\/wp-json\/wp\/v2\/posts\/94536","targetHints":{"allow":["GET"]}}],"collection":[{"href":"https:\/\/www.europesays.com\/se\/wp-json\/wp\/v2\/posts"}],"about":[{"href":"https:\/\/www.europesays.com\/se\/wp-json\/wp\/v2\/types\/post"}],"author":[{"embeddable":true,"href":"https:\/\/www.europesays.com\/se\/wp-json\/wp\/v2\/users\/2"}],"replies":[{"embeddable":true,"href":"https:\/\/www.europesays.com\/se\/wp-json\/wp\/v2\/comments?post=94536"}],"version-history":[{"count":0,"href":"https:\/\/www.europesays.com\/se\/wp-json\/wp\/v2\/posts\/94536\/revisions"}],"wp:featuredmedia":[{"embeddable":true,"href":"https:\/\/www.europesays.com\/se\/wp-json\/wp\/v2\/media\/94537"}],"wp:attachment":[{"href":"https:\/\/www.europesays.com\/se\/wp-json\/wp\/v2\/media?parent=94536"}],"wp:term":[{"taxonomy":"category","embeddable":true,"href":"https:\/\/www.europesays.com\/se\/wp-json\/wp\/v2\/categories?post=94536"},{"taxonomy":"post_tag","embeddable":true,"href":"https:\/\/www.europesays.com\/se\/wp-json\/wp\/v2\/tags?post=94536"}],"curies":[{"name":"wp","href":"https:\/\/api.w.org\/{rel}","templated":true}]}}