{"id":94560,"date":"2025-12-01T14:22:11","date_gmt":"2025-12-01T14:22:11","guid":{"rendered":"https:\/\/www.europesays.com\/se\/94560\/"},"modified":"2025-12-01T14:22:11","modified_gmt":"2025-12-01T14:22:11","slug":"latvian-forest-vantande-avverkning-affarsvarlden","status":"publish","type":"post","link":"https:\/\/www.europesays.com\/se\/94560\/","title":{"rendered":"Latvian Forest: V\u00e4ntande avverkning | Aff\u00e4rsv\u00e4rlden"},"content":{"rendered":"<p>Latvian Forest <strong>(7,50 kr)<\/strong> startades 2009 med id\u00e9en att f\u00f6rv\u00e4rva och f\u00f6r\u00e4dla skogsfastigheter i Lettland. Aff\u00e4rsid\u00e9n har sedan b\u00f6rjan varit att konsolidera de styckvis k\u00f6pta fastigheterna till stora portf\u00f6ljer som sedan s\u00e4ljs vidare till st\u00f6rre k\u00f6pare.<\/p>\n<p>Klart st\u00f6rsta aktie\u00e4gare \u00e4r privatinvesterare genom <strong>Avanza Pension<\/strong> som enligt Holdings \u00e4ger 29% av aktierna. Efter privatinvesterarna hos Avanza Pension kommer tre n\u00e4stan j\u00e4mnstora \u00e4gare som alla har runt 10% av aktierna. En av dessa \u00e4r substansj\u00e4garen <strong>Peter Gyllenhammars<\/strong> bolag <strong>Galjaden<\/strong>. Det verkar vara Galjaden som i praktiken \u00e4r den \u00e4gare som styr Latvian Forest. Gyllenhammars partner <strong>Martin Hansson<\/strong> \u00e4r Latvian Forests styrelseordf\u00f6rande. Latvian har tidigare l\u00e5nat pengar av Galjaden och verkar \u00e4ven dela kontor med sin \u00e4gare.<\/p>\n","protected":false},"excerpt":{"rendered":"Latvian Forest (7,50 kr) startades 2009 med id\u00e9en att f\u00f6rv\u00e4rva och f\u00f6r\u00e4dla skogsfastigheter i Lettland. Aff\u00e4rsid\u00e9n har sedan&hellip;\n","protected":false},"author":2,"featured_media":94561,"comment_status":"","ping_status":"","sticky":false,"template":"","format":"standard","meta":{"footnotes":""},"categories":[65],"tags":[72,70,71,34,31,33,32,30],"class_list":{"0":"post-94560","1":"post","2":"type-post","3":"status-publish","4":"format-standard","5":"has-post-thumbnail","7":"category-ekonomi","8":"tag-business","9":"tag-economy","10":"tag-ekonomi","11":"tag-se","12":"tag-svenska","13":"tag-sverige","14":"tag-sweden","15":"tag-swedish"},"share_on_mastodon":{"url":"https:\/\/pubeurope.com\/@se\/115644762877984340","error":""},"_links":{"self":[{"href":"https:\/\/www.europesays.com\/se\/wp-json\/wp\/v2\/posts\/94560","targetHints":{"allow":["GET"]}}],"collection":[{"href":"https:\/\/www.europesays.com\/se\/wp-json\/wp\/v2\/posts"}],"about":[{"href":"https:\/\/www.europesays.com\/se\/wp-json\/wp\/v2\/types\/post"}],"author":[{"embeddable":true,"href":"https:\/\/www.europesays.com\/se\/wp-json\/wp\/v2\/users\/2"}],"replies":[{"embeddable":true,"href":"https:\/\/www.europesays.com\/se\/wp-json\/wp\/v2\/comments?post=94560"}],"version-history":[{"count":0,"href":"https:\/\/www.europesays.com\/se\/wp-json\/wp\/v2\/posts\/94560\/revisions"}],"wp:featuredmedia":[{"embeddable":true,"href":"https:\/\/www.europesays.com\/se\/wp-json\/wp\/v2\/media\/94561"}],"wp:attachment":[{"href":"https:\/\/www.europesays.com\/se\/wp-json\/wp\/v2\/media?parent=94560"}],"wp:term":[{"taxonomy":"category","embeddable":true,"href":"https:\/\/www.europesays.com\/se\/wp-json\/wp\/v2\/categories?post=94560"},{"taxonomy":"post_tag","embeddable":true,"href":"https:\/\/www.europesays.com\/se\/wp-json\/wp\/v2\/tags?post=94560"}],"curies":[{"name":"wp","href":"https:\/\/api.w.org\/{rel}","templated":true}]}}