{"id":94586,"date":"2025-12-01T14:47:07","date_gmt":"2025-12-01T14:47:07","guid":{"rendered":"https:\/\/www.europesays.com\/se\/94586\/"},"modified":"2025-12-01T14:47:07","modified_gmt":"2025-12-01T14:47:07","slug":"nato-utser-generalmajor-lena-persson-herlitz-till-stallforetradande-underrattelsechef","status":"publish","type":"post","link":"https:\/\/www.europesays.com\/se\/94586\/","title":{"rendered":"Nato utser generalmajor Lena Persson Herlitz till st\u00e4llf\u00f6retr\u00e4dande underr\u00e4ttelsechef"},"content":{"rendered":"<p>&#13;<br \/>\nGeneralmajor Lena Persson Herlitz har utn\u00e4mnts av Nato till st\u00e4llf\u00f6retr\u00e4dande underr\u00e4ttelsechef, Deputy Assistant Secretary General Intelligence, en ledande befattning inom alliansen.<\/p>\n<p>\u2013 Det h\u00e4r \u00e4r en viktig utn\u00e4mning f\u00f6r Sverige. Generalmajor Lena Persson Herlitz blir en av de mer seniora svenska befattningshavarna i Natostrukturen. Det ligger i linje med Sveriges \u00f6vergripande m\u00e5ls\u00e4ttning att svenskar ska ha relevanta befattningar inom Nato, s\u00e4ger f\u00f6rsvarsminister P\u00e5l Jonson.<\/p>\n<p>Lena Persson Herlitz kommer att tj\u00e4nstg\u00f6ra vid Joint Intelligence and Security Division vid Natos h\u00f6gkvarter i Bryssel. Hon tilltr\u00e4der efter sommaren 2026.<\/p>\n<p>Generalmajor Lena Persson Herlitz har en l\u00e5ng karri\u00e4r inom F\u00f6rsvarsmakten bakom sig och har bland annat varit strategichef vid F\u00f6rsvarsmaktens h\u00f6gkvarter. Hon har \u00e4ven tj\u00e4nstgjort internationellt i bland annat Bosnien, Kosovo och Afghanistan. Hon har ocks\u00e5 varit chef f\u00f6r den svenska delegationen till Neutral Nations Supervisory Commission som \u00f6vervakar vapenstillest\u00e5ndsavtalet mellan Nord- och Sydkorea.<\/p>\n","protected":false},"excerpt":{"rendered":"&#13; Generalmajor Lena Persson Herlitz har utn\u00e4mnts av Nato till st\u00e4llf\u00f6retr\u00e4dande underr\u00e4ttelsechef, Deputy Assistant Secretary General Intelligence, en&hellip;\n","protected":false},"author":2,"featured_media":67452,"comment_status":"","ping_status":"","sticky":false,"template":"","format":"standard","meta":{"footnotes":""},"categories":[14],"tags":[22,23,26,27,17,21,24,25,28,29,15,16,18,34,31,33,32,30,19,20,51,52,53,54],"class_list":{"0":"post-94586","1":"post","2":"type-post","3":"status-publish","4":"format-standard","5":"has-post-thumbnail","7":"category-varlden","8":"tag-breaking-news","9":"tag-breakingnews","10":"tag-featured-news","11":"tag-featurednews","12":"tag-headlines","13":"tag-huvudnyheter","14":"tag-latest-news","15":"tag-latestnews","16":"tag-main-news","17":"tag-mainnews","18":"tag-news","19":"tag-nyheter","20":"tag-rubriker","21":"tag-se","22":"tag-svenska","23":"tag-sverige","24":"tag-sweden","25":"tag-swedish","26":"tag-top-stories","27":"tag-topstories","28":"tag-varlden","29":"tag-world","30":"tag-world-news","31":"tag-worldnews"},"share_on_mastodon":{"url":"https:\/\/pubeurope.com\/@se\/115644861304425137","error":""},"_links":{"self":[{"href":"https:\/\/www.europesays.com\/se\/wp-json\/wp\/v2\/posts\/94586","targetHints":{"allow":["GET"]}}],"collection":[{"href":"https:\/\/www.europesays.com\/se\/wp-json\/wp\/v2\/posts"}],"about":[{"href":"https:\/\/www.europesays.com\/se\/wp-json\/wp\/v2\/types\/post"}],"author":[{"embeddable":true,"href":"https:\/\/www.europesays.com\/se\/wp-json\/wp\/v2\/users\/2"}],"replies":[{"embeddable":true,"href":"https:\/\/www.europesays.com\/se\/wp-json\/wp\/v2\/comments?post=94586"}],"version-history":[{"count":0,"href":"https:\/\/www.europesays.com\/se\/wp-json\/wp\/v2\/posts\/94586\/revisions"}],"wp:featuredmedia":[{"embeddable":true,"href":"https:\/\/www.europesays.com\/se\/wp-json\/wp\/v2\/media\/67452"}],"wp:attachment":[{"href":"https:\/\/www.europesays.com\/se\/wp-json\/wp\/v2\/media?parent=94586"}],"wp:term":[{"taxonomy":"category","embeddable":true,"href":"https:\/\/www.europesays.com\/se\/wp-json\/wp\/v2\/categories?post=94586"},{"taxonomy":"post_tag","embeddable":true,"href":"https:\/\/www.europesays.com\/se\/wp-json\/wp\/v2\/tags?post=94586"}],"curies":[{"name":"wp","href":"https:\/\/api.w.org\/{rel}","templated":true}]}}