{"id":94619,"date":"2025-12-01T15:19:12","date_gmt":"2025-12-01T15:19:12","guid":{"rendered":"https:\/\/www.europesays.com\/se\/94619\/"},"modified":"2025-12-01T15:19:12","modified_gmt":"2025-12-01T15:19:12","slug":"beskedet-som-tog-operatorerna-pa-sangen-nar-2g-och-3g-fasas-ut","status":"publish","type":"post","link":"https:\/\/www.europesays.com\/se\/94619\/","title":{"rendered":"Beskedet som tog operat\u00f6rerna p\u00e5 s\u00e4ngen n\u00e4r 2g och 3g fasas ut"},"content":{"rendered":"<p class=\"kicker color_mobile_no_bg_color\" style=\"\">TECH<\/p>\n<p>\n        Mobilmast i Sverige. Arkivbild.<br \/>\n        TT (montage Ny Teknik)\n    <\/p>\n<p>    Nedst\u00e4ngningen av 2g och 3g tvingar vissa mobilanv\u00e4ndare att byta ut fungerande telefoner. Ny Tekniks Kalle Wiklund f\u00f6rklarar varf\u00f6r utfasningen av urgammal teknik blivit en huvudv\u00e4rk f\u00f6r operat\u00f6rerna.<\/p>\n<p>Vad \u00e4r det som har h\u00e4nt?\u00a0<\/p>\n<p>I dag m\u00e5ndag den 1 december sl\u00e4cker Tre, Telenor och Tele 2 <a href=\"https:\/\/www.nyteknik.se\/tech\/hej-da-3g-sa-paverkas-du-av-operatorernas-nedslackning\/4411215\" target=\"_blank\" rel=\"nofollow noopener\">sina 2g- och 3g-n\u00e4t i Sverige<\/a>. Telia, som \u00e4r Sveriges st\u00f6rsta operat\u00f6r, har delvis valt en annan approach: Avvecklingen av 3g p\u00e5g\u00e5r fram till sista december \u2013 medan 2g-n\u00e4tet finns kvar till i slutet av 2027.\u00a0<\/p>\n<p>S\u00e5v\u00e4l 2g som 3g var banbrytande \u2013 och ingenj\u00f6rer p\u00e5 Ericsson <a href=\"https:\/\/teknikhistoria.nyteknik.se\/teknikhistoria\/nedstangning-av-naten-vagen-till-och-fran-2g-och-3g\/4309388\" target=\"_blank\" rel=\"nofollow noopener\">spelade en nyckelroll i utvecklingen av sj\u00e4lva mobiltelefonsystemen och n\u00e4tplaneringen<\/a>.\u00a0<\/p>\n<p>Utfasningen av andra och tredje generationens mobiln\u00e4t har p\u00e5g\u00e5tt sedan 2021. Operat\u00f6rerna har lagt \u00e5tskilliga arbetstimmar p\u00e5 att installera ers\u00e4ttningsteknik i basstationerna ute i landet f\u00f6r att flytta kundernas 2g- och 3g-teknik till de modernare mobiln\u00e4ten. Nu ska frekvensbanden f\u00f6r andra och tredje generationens mobiln\u00e4t i st\u00e4llet anv\u00e4ndas f\u00f6r att \u00f6ka kapaciteten f\u00f6r 4g och 5g.\u00a0<\/p>\n<p>                <img decoding=\"async\" src=\"https:\/\/www.europesays.com\/se\/wp-content\/uploads\/2025\/12\/4414345.webp\" width=\"480\" height=\"274\" title=\"Mobilmast p\u00e5 hustak p\u00e5 en pylon till en basstation.\" alt=\"\" loading=\"lazy\" style=\"\"\/><\/p>\n<p>\n            Mobilmast p\u00e5 hustak p\u00e5 en pylon till en basstation.<br \/>\n            Helena Landstedt\/TT\n        <\/p>\n<p>Trots f\u00f6rberedelserna skedde en n\u00e5got dramatisk v\u00e4ndning i mitten av november, bara veckor innan 2g och 3g skulle fasas ut. Post- och telestyrelsen (PTS) slog larm om att Tre, Telenor och Tele 2 har ett visst antal abonnenter <a href=\"https:\/\/www.nyteknik.se\/tech\/problem-med-nodsamtal-mobiler-kan-sparras-alternativet-ar-varre\/4414298\" target=\"_blank\" rel=\"nofollow noopener\">som inte kommer att kunna ringa n\u00f6dsamtal i 4g-n\u00e4ten<\/a>, \u00e4ven om man har en 4g-mobil som \u00e4r fullt fungerande i \u00f6vrigt. <\/p>\n<p>Hur blev det s\u00e5h\u00e4r?\u00a0<\/p>\n<p>Att s\u00e4tta globala standarder f\u00f6r nya generationer av mobiln\u00e4ten \u00e4r en komplicerad process. Det \u00e4r problemen som uppst\u00e5tt med n\u00f6dsamtal via 4g ett tydligt exempel p\u00e5.\u00a0<\/p>\n<p>F\u00f6r att det ska vara m\u00f6jligt att ringa konventionella telefonsamtal via 4g m\u00e5ste samtalet kunna skickas som data \u00f6ver mobiln\u00e4tet. Det g\u00f6rs med tekniken volte (voice over lte), som \u00e4r inbyggd i moderna mobiler sedan \u00e5r tillbaka.\u00a0<\/p>\n<p>I telekombranschen har det dock l\u00e4nge h\u00f6jts varnande r\u00f6ster om att volte-standarden, som s\u00e4tter reglerna f\u00f6r hur tekniken ska anv\u00e4ndas, \u00e4r otydligt definierad. I praktiken har det varit upp till mobiltillverkarna och operat\u00f6rerna i de olika l\u00e4nderna att l\u00e4gga till mjukvarukonfigurationer som best\u00e4mmer hur telefonerna anv\u00e4nder sig av volte.\u00a0<\/p>\n<p>Om inte det var besv\u00e4rligt nog s\u00e5 anv\u00e4nds en annan underliggande teknik (volte emergency) <a href=\"https:\/\/www.nyteknik.se\/tech\/problem-med-nodsamtal-mobiler-kan-sparras-alternativet-ar-varre\/4414298\" target=\"_blank\" rel=\"nofollow noopener\">f\u00f6r att specifikt hantera n\u00f6dsamtal \u00f6ver 4g<\/a>. <\/p>\n<p>                <img decoding=\"async\" src=\"https:\/\/www.europesays.com\/se\/wp-content\/uploads\/2025\/12\/4412182.webp\" width=\"480\" height=\"274\" title=\"Beskedet som tog operat\u00f6rerna p\u00e5 s\u00e4ngen n\u00e4r 2g och 3g fasas ut\" alt=\"\" loading=\"lazy\" style=\"\"\/><\/p>\n<p>            Foto: TT\n        <\/p>\n<p>Tvingas blockera mobiler fr\u00e5n n\u00e4ten<\/p>\n<p>I sina analyser av trafiken i mobiln\u00e4ten har Tre, Telenor och Tele 2 uppt\u00e4ckt att man har abonnenter med 4g-telefoner som allts\u00e5 har st\u00f6d f\u00f6r volte, men som saknar volte emergency-teknik. Kunderna har allts\u00e5 fullt fungerande telefoner som kan koppla upp vanliga r\u00f6stsamtal i 4g-n\u00e4tet \u2013 men p\u00e5 grund av tekniska begr\u00e4nsningar m\u00e5ste ha tillg\u00e5ng till 2g eller 3g f\u00f6r att kunna ringa 112. Telefonerna g\u00e5r heller inte att uppdatera s\u00e5 att de f\u00e5r st\u00f6d f\u00f6r volte emergency.\u00a0<\/p>\n<p>Operat\u00f6rernas n\u00f6dl\u00f6sning var att i st\u00e4llet l\u00e5ta dessa mobiler n\u00e5 SOS Alarm med hj\u00e4lp av s\u00e5 kallad n\u00f6droaming via Telias 2g-n\u00e4t, som finns kvar till 2027. Det \u00e4r en n\u00f6dfunktion som g\u00f6r det m\u00f6jligt att koppla upp larmsamtal via en annan operat\u00f6r.\u00a0<\/p>\n<p>Den 21 november kom kallduschen. Efter en skyndsam granskning satte PTS ner foten och <a href=\"https:\/\/pts.se\/nyheter-och-pressmeddelanden\/operatorer-ska-sakerstalla-tillgang-till-112--vissa-mobiltelefoner-kommer-att-blockeras\/\" target=\"_blank\" rel=\"nofollow noopener\">underk\u00e4nde de tre operat\u00f6rernas n\u00f6dl\u00f6sning<\/a>. Tillsynsmyndigheten meddelade ocks\u00e5 att Tre, Telenor och Tele 2 m\u00e5ste b\u00f6rja blockera mobiler utan volte emergency-st\u00f6d i sina n\u00e4t fr\u00e5n den 2 februari 2026.\u00a0<\/p>\n<p>Vad kan jag g\u00f6ra om jag drabbats?\u00a0<\/p>\n<p>Under de sista sk\u00e4lvande dagarna i november har Tre, Telenor och Tele 2 identifiera alla ber\u00f6rda abonnenter och informerat dem. Ny Teknik har l\u00e4st mejl som operat\u00f6rerna har skickat ut \u2013 och d\u00e4r st\u00e5r det att mobilkunderna kommer att \u201dha begr\u00e4nsad \u00e5tkomst\u201d till 112 efter den 1 december. Det inneb\u00e4r att det fortfarande kommer g\u00e5 att ringa n\u00f6dsamtal, men att dessa d\u00e5 kopplas upp i Telias 2g-n\u00e4t (n\u00f6droaming). <\/p>\n<p>Ny Teknik har blivit kontaktade av flera uppr\u00f6rda abonnenter som \u00e4r kritiska till hur operat\u00f6rerna har hanterat situationen. Informationen har kommit sent, enligt l\u00e4sarna, och det har varit sv\u00e5rt som utomst\u00e5ende att hitta fakta i f\u00f6rv\u00e4g om vilka 4g-mobiler som p\u00e5verkas av nedst\u00e4ngningen.\u00a0<\/p>\n<p>I en kommentar <a href=\"https:\/\/www.mobil.se\/tips-och-tricks\/mobil-svarar-om-telefonerna-som-blockeras-i-2g-och-3g-nedstangningen\/1661274\" target=\"_blank\" rel=\"nofollow noopener\">till tidningen Mobil<\/a> s\u00e4ger Tele 2 att \u201cen offentlig lista (\u00f6ver modeller, reds anm\u00e4rk) skulle bli b\u00e5de l\u00e5ng och sv\u00e5r att tolka\u201d. <\/p>\n<p>\u201dK\u00e4nns nonchalant\u201d <\/p>\n<p>Operat\u00f6rerna har ocks\u00e5 \u00e5terkommande lyft fram att majoriteten av mobilerna som p\u00e5verkas \u00e4r \u201cink\u00f6pta utomlands\u201d. Det har f\u00e5tt flera Ny Teknik-l\u00e4sare att reagera <a href=\"https:\/\/www.nyteknik.se\/tech\/de-kan-inte-ringa-112-tvingas-kopa-nya-mobiler-nonchalant-av-operatorerna\/4415643\" target=\"_blank\" rel=\"nofollow noopener\">eftersom de har k\u00f6pt sina telefoner i svenska butiker<\/a>.\u00a0<\/p>\n<p>\u2013 Uttalandet k\u00e4nns nonchalant och l\u00e5ter mer som ett s\u00e4tt att f\u00f6rs\u00f6ka minska problemet och sitt eget ansvar, kommenterade l\u00e4saren Hampus Gustavsson.\u00a0<\/p>\n<p>Hur blir det efter den 2 februari 2026? D\u00e5 \u00e4r det kalla handen \u2013 och operat\u00f6rerna m\u00e5ste hindra telefonerna fr\u00e5n att kunna anv\u00e4ndas i sina mobiln\u00e4t. <\/p>\n<p>\u201dDen s\u00e4kra l\u00f6sningen \u00e4r att byta till en kompatibel enhet innan den 1 december\u201d, sa Tele 2 i en kommentar till Ny Teknik i november. <\/p>\n<p>                <img decoding=\"async\" src=\"https:\/\/www.europesays.com\/se\/wp-content\/uploads\/2025\/12\/4403112.webp\" width=\"480\" height=\"274\" title=\"Trygghetslarm \u00e4r en typ av utrustning som kan komma att p\u00e5verkas av nedsl\u00e4ckningen av 2G- och 3G-n\u00e4ten. Arkivbild.\" alt=\"\" loading=\"lazy\" style=\"\"\/><\/p>\n<p>\n            Trygghetslarm \u00e4r en typ av utrustning som kan komma att p\u00e5verkas av nedsl\u00e4ckningen av 2G- och 3G-n\u00e4ten. Arkivbild.<br \/>\n            Fredrik Sandberg\/TT\n        <\/p>\n<p>Men det finns en annan utv\u00e4g f\u00f6r de som inte vill byta ut sina 4g-mobiler utan volte emergency riktigt \u00e4n \u2013 och det \u00e4r att skaffa ett abonnemang hos Telia, som kommer att h\u00e5lla liv i sina 2g-n\u00e4t i drygt tv\u00e5 \u00e5r till.\u00a0<\/p>\n<p>Orsaken till att 2g lever kvar hos Telia \u00e4r att det fortfarande finns samh\u00e4llsviktig utrustning i bruk, som trygghetslarm p\u00e5 \u00e4ldreboenden, som f\u00f6rlitar sig p\u00e5 tekniken.<\/p>\n","protected":false},"excerpt":{"rendered":"TECH Mobilmast i Sverige. Arkivbild. TT (montage Ny Teknik) Nedst\u00e4ngningen av 2g och 3g tvingar vissa mobilanv\u00e4ndare att&hellip;\n","protected":false},"author":2,"featured_media":94620,"comment_status":"","ping_status":"","sticky":false,"template":"","format":"standard","meta":{"footnotes":""},"categories":[65],"tags":[72,70,71,34,31,33,32,30],"class_list":{"0":"post-94619","1":"post","2":"type-post","3":"status-publish","4":"format-standard","5":"has-post-thumbnail","7":"category-ekonomi","8":"tag-business","9":"tag-economy","10":"tag-ekonomi","11":"tag-se","12":"tag-svenska","13":"tag-sverige","14":"tag-sweden","15":"tag-swedish"},"share_on_mastodon":{"url":"https:\/\/pubeurope.com\/@se\/115644987234959883","error":""},"_links":{"self":[{"href":"https:\/\/www.europesays.com\/se\/wp-json\/wp\/v2\/posts\/94619","targetHints":{"allow":["GET"]}}],"collection":[{"href":"https:\/\/www.europesays.com\/se\/wp-json\/wp\/v2\/posts"}],"about":[{"href":"https:\/\/www.europesays.com\/se\/wp-json\/wp\/v2\/types\/post"}],"author":[{"embeddable":true,"href":"https:\/\/www.europesays.com\/se\/wp-json\/wp\/v2\/users\/2"}],"replies":[{"embeddable":true,"href":"https:\/\/www.europesays.com\/se\/wp-json\/wp\/v2\/comments?post=94619"}],"version-history":[{"count":0,"href":"https:\/\/www.europesays.com\/se\/wp-json\/wp\/v2\/posts\/94619\/revisions"}],"wp:featuredmedia":[{"embeddable":true,"href":"https:\/\/www.europesays.com\/se\/wp-json\/wp\/v2\/media\/94620"}],"wp:attachment":[{"href":"https:\/\/www.europesays.com\/se\/wp-json\/wp\/v2\/media?parent=94619"}],"wp:term":[{"taxonomy":"category","embeddable":true,"href":"https:\/\/www.europesays.com\/se\/wp-json\/wp\/v2\/categories?post=94619"},{"taxonomy":"post_tag","embeddable":true,"href":"https:\/\/www.europesays.com\/se\/wp-json\/wp\/v2\/tags?post=94619"}],"curies":[{"name":"wp","href":"https:\/\/api.w.org\/{rel}","templated":true}]}}