{"id":94621,"date":"2025-12-01T15:22:41","date_gmt":"2025-12-01T15:22:41","guid":{"rendered":"https:\/\/www.europesays.com\/se\/94621\/"},"modified":"2025-12-01T15:22:41","modified_gmt":"2025-12-01T15:22:41","slug":"camilla-waltersson-gronvalls-tarar-pa-presstraffen-kanslosamt","status":"publish","type":"post","link":"https:\/\/www.europesays.com\/se\/94621\/","title":{"rendered":"Camilla Waltersson Gr\u00f6nvalls t\u00e5rar p\u00e5 presstr\u00e4ffen: \u201dK\u00e4nslosamt\u201d"},"content":{"rendered":"<p>Publicerad 1 dec 2025 kl 10.59Uppdaterad kl 12.53<\/p>\n<p>Regeringen vill sk\u00e4rpa reglerna f\u00f6r omh\u00e4ndertagna barn.<\/p>\n<p>Socialtj\u00e4nstminister Camilla Waltersson Gr\u00f6nvall fick torka t\u00e5rarna n\u00e4r hon ber\u00e4ttade om f\u00f6rslagen.<\/p>\n<p>\u2013 Det h\u00e4r \u00e4r lex Lilla hj\u00e4rtat p\u00e5 riktigt. Det \u00e4r lite k\u00e4nslosamt i dag, s\u00e4ger hon.<\/p>\n<p>H\u00e4r brister ministern ut i gr\u00e5t: &#8221;Lite k\u00e4nslosamt&#8221;<img loading=\"lazy\"   alt=\"\"\/><\/p>\n<p>Camilla Waltersson Gr\u00f6nvall faller i t\u00e5rar n\u00e4r hon ber\u00e4ttar om den nya lagen.<\/p>\n<p>\u00d6ppna bild i helsk\u00e4rm<img loading=\"lazy\"   alt=\"\"\/><\/p>\n<p>Hon klappas om av statsministern innan hon forts\u00e4tter presstr\u00e4ffen.<\/p>\n<p>\u00d6ppna bild i helsk\u00e4rmArtikeln i korthet<\/p>\n<p> Regeringen vill \u00e4ndra reglerna f\u00f6r omh\u00e4ndertagna barn.<\/p>\n<p> Barn ska kunna f\u00e5 stanna i sitt familjehem om de har en stark anknytning dit, i st\u00e4llet f\u00f6r att \u00e5terv\u00e4nda till sina f\u00f6r\u00e4ldrar.<\/p>\n<p> Socialtj\u00e4nstminister Camilla Waltersson Gr\u00f6nvall (M) blev k\u00e4nslosam och b\u00f6rjade gr\u00e5ta p\u00e5 presstr\u00e4ffen.<\/p>\n<p> Barn ska ocks\u00e5 kunna omh\u00e4ndertas om det finns g\u00e4ngkriminalitet eller hedersf\u00f6rtryck i familjen.<\/p>\n<p>Visa mer<\/p>\n<p>2022 inf\u00f6rdes lagen som kallas f\u00f6r lex Lilla hj\u00e4rtat, efter tre\u00e5riga Esmeralda som dog efter att ha flyttats tillbaka till sina f\u00f6r\u00e4ldrar fr\u00e5n familjehemmet d\u00e4r hon bott. Mamman d\u00f6mdes senare f\u00f6r dr\u00e5p.<\/p>\n<p>Nu presenterar regeringen nya f\u00f6rslag som ska g\u00f6ra att barn inte tvingas flytta tillbaka till sina f\u00f6r\u00e4ldrar. De ska i st\u00e4llet kunna forts\u00e4tta vara omh\u00e4ndertagna med h\u00e4nvisning till att de har en stark anknytning till sitt familjehem.<\/p>\n<p>\u2013 Det betyder i praktiken att om barnet har uppfostrats i en familj och har en starkare anknytning till den familjen, d\u00e5 ska det v\u00e4ga tungt inf\u00f6r ett beslut om barnet ska \u00e5terf\u00f6ras till den biologiska familjen eller inte, s\u00e4ger statsministern.<\/p>\n<p>\u2013\u00a0Man f\u00e5r inte bryta upp ett barn fr\u00e5n sin placering med stark anknytning om det \u00e4r b\u00e4st f\u00f6r barnet att f\u00e5 stanna, forts\u00e4tter han.<\/p>\n<p>Ministern i t\u00e5rar<\/p>\n<p>Socialtj\u00e4nstminister Camilla Waltersson Gr\u00f6nvall (M) kallar presstr\u00e4ffen f\u00f6r en av de viktigaste hon har h\u00e5llit. R\u00f6sten bryts n\u00e4r hon s\u00e4ger att lagen kommer att r\u00e4dda livet p\u00e5 barn i framtiden.<\/p>\n<p>\u2013 Det h\u00e4r \u00e4r lex Lilla hj\u00e4rtat p\u00e5 riktigt. Det \u00e4r lite k\u00e4nslosamt i dag, s\u00e4ger hon.<\/p>\n<p>Efter en klapp p\u00e5 axeln fr\u00e5n <a href=\"https:\/\/www.expressen.se\/tagg\/person\/ulf-kristersson\/\" class=\"\" rel=\"nofollow noopener\" target=\"_blank\">Ulf Kristersson<\/a> forts\u00e4tter hon.<\/p>\n<p>\u2013 Jag tar ett glas vatten. Och s\u00e5 kommer jag igen, s\u00e4ger hon.<\/p>\n<p>Senare utvecklar hon k\u00e4nslorna och f\u00f6rklarar att fallet med tre\u00e5riga Esmeralda har ber\u00f6rt henne starkt.<\/p>\n<p>\u2013 Jag har burit med mig det h\u00e4r under de h\u00e4r \u00e5ren, s\u00e4ger hon.<\/p>\n<p>F\u00f6r henne \u00e4r det viktigt att lag\u00e4ndringen nu \u00e4r p\u00e5 g\u00e5ng.<\/p>\n<p>\u2013 Det k\u00e4nns fantastiskt bra helt enkelt. Jag \u00f6nskar att barn inte hade f\u00e5tt s\u00e4tta livet till, men jag hoppas att det vi g\u00f6r i dag inneb\u00e4r att det inte ska se ut s\u00e5 i framtiden, s\u00e4ger hon.<\/p>\n<p>Camilla Waltersson Gr\u00f6nvall har innan f\u00f6rslagen presenterades varit i kontakt med Esmeraldas familjehemsmamma Melinda Jacobs, som efter flickans d\u00f6d opinionsbildat f\u00f6r nya lagar p\u00e5 omr\u00e5det.<\/p>\n<p>\u2013 Jag fick en v\u00e4ldigt, v\u00e4ldigt stark och varm reaktion, s\u00e4ger hon.<\/p>\n<p>\u00c4ndrar LVU<\/p>\n<p>F\u00f6rutom de nya reglerna som g\u00f6r anknytning till familjehemmet till en grund f\u00f6r omh\u00e4ndertagande vill regeringen se fler f\u00f6r\u00e4ndringar.<\/p>\n<p>Det handlar d\u00e5 om att kunna omh\u00e4nderta barn som tar skada av att v\u00e4xa upp i familjer d\u00e4r det finns hedersproblematik. Barn ska ocks\u00e5 kunna omh\u00e4ndertas fr\u00e5n familjer med \u201dn\u00e4ra koppling till allvarlig kriminalitet\u201d.<\/p>\n<p>F\u00f6rslaget, som ska g\u00e5 ut p\u00e5 lagr\u00e5dsremiss, inneb\u00e4r att LVU, lagen om v\u00e5rd av barn och unga, ers\u00e4tts av tv\u00e5 nya lagar.<\/p>\n<p>En av dem handlar om omh\u00e4ndertagande av barn och unga, och den andra om s\u00e4rskilda befogenheter f\u00f6r den statliga barn- och ungdomsv\u00e5rden.<\/p>\n","protected":false},"excerpt":{"rendered":"Publicerad 1 dec 2025 kl 10.59Uppdaterad kl 12.53 Regeringen vill sk\u00e4rpa reglerna f\u00f6r omh\u00e4ndertagna barn. Socialtj\u00e4nstminister Camilla Waltersson&hellip;\n","protected":false},"author":2,"featured_media":94622,"comment_status":"","ping_status":"","sticky":false,"template":"","format":"standard","meta":{"footnotes":""},"categories":[5],"tags":[22,23,26,27,17,21,24,25,28,29,15,16,5079,530,18,34,583,31,33,32,30,19,1942,20],"class_list":{"0":"post-94621","1":"post","2":"type-post","3":"status-publish","4":"format-standard","5":"has-post-thumbnail","7":"category-rubriker","8":"tag-breaking-news","9":"tag-breakingnews","10":"tag-featured-news","11":"tag-featurednews","12":"tag-headlines","13":"tag-huvudnyheter","14":"tag-latest-news","15":"tag-latestnews","16":"tag-main-news","17":"tag-mainnews","18":"tag-news","19":"tag-nyheter","20":"tag-person-camilla-waltersson-gronvall","21":"tag-person-ulf-kristersson","22":"tag-rubriker","23":"tag-se","24":"tag-sections-politik","25":"tag-svenska","26":"tag-sverige","27":"tag-sweden","28":"tag-swedish","29":"tag-top-stories","30":"tag-topic-lagar","31":"tag-topstories"},"share_on_mastodon":{"url":"https:\/\/pubeurope.com\/@se\/115644998790756778","error":""},"_links":{"self":[{"href":"https:\/\/www.europesays.com\/se\/wp-json\/wp\/v2\/posts\/94621","targetHints":{"allow":["GET"]}}],"collection":[{"href":"https:\/\/www.europesays.com\/se\/wp-json\/wp\/v2\/posts"}],"about":[{"href":"https:\/\/www.europesays.com\/se\/wp-json\/wp\/v2\/types\/post"}],"author":[{"embeddable":true,"href":"https:\/\/www.europesays.com\/se\/wp-json\/wp\/v2\/users\/2"}],"replies":[{"embeddable":true,"href":"https:\/\/www.europesays.com\/se\/wp-json\/wp\/v2\/comments?post=94621"}],"version-history":[{"count":0,"href":"https:\/\/www.europesays.com\/se\/wp-json\/wp\/v2\/posts\/94621\/revisions"}],"wp:featuredmedia":[{"embeddable":true,"href":"https:\/\/www.europesays.com\/se\/wp-json\/wp\/v2\/media\/94622"}],"wp:attachment":[{"href":"https:\/\/www.europesays.com\/se\/wp-json\/wp\/v2\/media?parent=94621"}],"wp:term":[{"taxonomy":"category","embeddable":true,"href":"https:\/\/www.europesays.com\/se\/wp-json\/wp\/v2\/categories?post=94621"},{"taxonomy":"post_tag","embeddable":true,"href":"https:\/\/www.europesays.com\/se\/wp-json\/wp\/v2\/tags?post=94621"}],"curies":[{"name":"wp","href":"https:\/\/api.w.org\/{rel}","templated":true}]}}