{"id":94627,"date":"2025-12-01T15:27:13","date_gmt":"2025-12-01T15:27:13","guid":{"rendered":"https:\/\/www.europesays.com\/se\/94627\/"},"modified":"2025-12-01T15:27:13","modified_gmt":"2025-12-01T15:27:13","slug":"2g-och-3g-naten-stangs-ned-vissa-mobiler-kan-inte-ringa-112-hoors-kommun","status":"publish","type":"post","link":"https:\/\/www.europesays.com\/se\/94627\/","title":{"rendered":"2G- och 3G-n\u00e4ten st\u00e4ngs ned \u2013 vissa mobiler kan inte ringa 112 \u2014 H\u00f6\u00f6rs kommun"},"content":{"rendered":"<p>    Publicerad:     1 december, 2025<\/p>\n<p>    Uppdaterad:     1 december, 2025<\/p>\n<p class=\"lead\">Under december b\u00f6rjar 2G- och 3G-n\u00e4ten i Sverige st\u00e4ngas ned. Vissa mobiler kommer inte kunna n\u00e5 n\u00f6dnumret 112, trots att de anv\u00e4nder 4G-n\u00e4tet. Om du har en s\u00e5dan telefon blir du kontaktad av din operat\u00f6r, skriver krisinformation.se<\/p>\n<p>Problemen g\u00e4ller i nul\u00e4get endast kunder till Telenor, Tele2 och Tre eftersom Telia kommer att ha kvar 2G-n\u00e4tet till 2027.<\/p>\n<p>Post- och telestyrelsen (PTS) som har tillsynsansvar f\u00f6r omr\u00e5det, har st\u00e4llt krav p\u00e5 operat\u00f6rerna att omedelbart kontakta ber\u00f6rda kunder.<\/p>\n<p>Om din telefon \u00e4r en av dem som inte kan n\u00e5 112:<\/p>\n<ul>\n<li>Din operat\u00f6r kommer att kontakta dig inom kort.<\/li>\n<li>Din telefon blockeras n\u00e5gon g\u00e5ng mellan 1 december och 2 februari.<\/li>\n<li>Du beh\u00f6ver byta telefon eller byta operat\u00f6r till Telia.<\/li>\n<\/ul>\n<p>Om n\u00f6dnumret 112 efter nedst\u00e4ngningen<\/p>\n<ul>\n<li>\u00a0PTS har beslutat att operat\u00f6rerna Tre, Telenor och Tele 2 den 2 februari 2026 ska blockera mobiler som inte kan ringa 112 via operat\u00f6rernas egna n\u00e4t.<\/li>\n<li>F\u00f6r telefoner som kr\u00e4ver n\u00e5gon s\u00e4rskild \u00e5tg\u00e4rd, exempelvis att SIM-kortet tas ut, f\u00f6r att de ska koppla \u00f6ver till Telias n\u00e4t, g\u00e4ller detta krav redan fr\u00e5n den 1 december 2025. Detta f\u00f6r att undvika att m\u00e4nniskor har kvar telefoner som inte kan anv\u00e4ndas f\u00f6r att kontakta 112.<\/li>\n<li>De blockerade mobilerna kommer inte att kunna anv\u00e4ndas f\u00f6r n\u00e5gra taltj\u00e4nster via mobiln\u00e4tet. PTS beslut g\u00e4ller inte Telias kunder eftersom de kommer att ha kvar 2G-n\u00e4tet till 2027, vilket inneb\u00e4r att 112 fungerar som tidigare fram till dess.L\u00e4s mer om avvecklingen hos PTS.<\/li>\n<\/ul>\n<p><a href=\"https:\/\/pts.se\/internet-och-telefoni\/teknikskifte\/\" target=\"_blank\" rel=\"noopener nofollow\">Post- och telestyrelsen om avvecklingen<\/a><\/p>\n<p><a href=\"https:\/\/bytnat.nu\/aktuellt\/viktigt-om-ndnumret-112\" target=\"_blank\" rel=\"noopener nofollow\">Bytn\u00e4t.nu om avvecklingen<\/a><\/p>\n<p>Kontrollera om din mobil \u00e4r ber\u00f6rd<\/p>\n<p>Operat\u00f6rerna ska meddela de kunder som \u00e4r ber\u00f6rda. Om du \u00e4nd\u00e5 vill kontrollera din mobil kan du f\u00f6lja instruktionerna hos din operat\u00f6r.<\/p>\n<p>Ring bara 112 vid n\u00f6dfall<\/p>\n<p>Det \u00e4r viktigt att inte ringa 112 f\u00f6r att testa mobilen. Om du ber\u00f6rs av problemet kommer du att kontaktas av din operat\u00f6r.<\/p>\n<p>Hj\u00e4lp andra<\/p>\n<p>Hj\u00e4lp g\u00e4rna en anh\u00f6rig eller granne som kanske inte f\u00f6rst\u00e5r informationen, eller vet hur man g\u00f6r f\u00f6r att byta telefon.<\/p>\n<p>L\u00e4s mer<\/p>\n<p><a href=\"https:\/\/www.krisinformation.se\/forbered-dig\/handelser-och-storningar\/2025\/avveckling-av-2g--och-3g-naten\" rel=\"nofollow noopener\" target=\"_blank\">K\u00e4lla: Krisinformation.se<\/a><\/p>\n","protected":false},"excerpt":{"rendered":"Publicerad: 1 december, 2025 Uppdaterad: 1 december, 2025 Under december b\u00f6rjar 2G- och 3G-n\u00e4ten i Sverige st\u00e4ngas ned.&hellip;\n","protected":false},"author":2,"featured_media":94628,"comment_status":"","ping_status":"","sticky":false,"template":"","format":"standard","meta":{"footnotes":""},"categories":[65],"tags":[72,70,71,34,31,33,32,30],"class_list":{"0":"post-94627","1":"post","2":"type-post","3":"status-publish","4":"format-standard","5":"has-post-thumbnail","7":"category-ekonomi","8":"tag-business","9":"tag-economy","10":"tag-ekonomi","11":"tag-se","12":"tag-svenska","13":"tag-sverige","14":"tag-sweden","15":"tag-swedish"},"share_on_mastodon":{"url":"https:\/\/pubeurope.com\/@se\/115645018504841187","error":""},"_links":{"self":[{"href":"https:\/\/www.europesays.com\/se\/wp-json\/wp\/v2\/posts\/94627","targetHints":{"allow":["GET"]}}],"collection":[{"href":"https:\/\/www.europesays.com\/se\/wp-json\/wp\/v2\/posts"}],"about":[{"href":"https:\/\/www.europesays.com\/se\/wp-json\/wp\/v2\/types\/post"}],"author":[{"embeddable":true,"href":"https:\/\/www.europesays.com\/se\/wp-json\/wp\/v2\/users\/2"}],"replies":[{"embeddable":true,"href":"https:\/\/www.europesays.com\/se\/wp-json\/wp\/v2\/comments?post=94627"}],"version-history":[{"count":0,"href":"https:\/\/www.europesays.com\/se\/wp-json\/wp\/v2\/posts\/94627\/revisions"}],"wp:featuredmedia":[{"embeddable":true,"href":"https:\/\/www.europesays.com\/se\/wp-json\/wp\/v2\/media\/94628"}],"wp:attachment":[{"href":"https:\/\/www.europesays.com\/se\/wp-json\/wp\/v2\/media?parent=94627"}],"wp:term":[{"taxonomy":"category","embeddable":true,"href":"https:\/\/www.europesays.com\/se\/wp-json\/wp\/v2\/categories?post=94627"},{"taxonomy":"post_tag","embeddable":true,"href":"https:\/\/www.europesays.com\/se\/wp-json\/wp\/v2\/tags?post=94627"}],"curies":[{"name":"wp","href":"https:\/\/api.w.org\/{rel}","templated":true}]}}