{"id":94629,"date":"2025-12-01T15:30:44","date_gmt":"2025-12-01T15:30:44","guid":{"rendered":"https:\/\/www.europesays.com\/se\/94629\/"},"modified":"2025-12-01T15:30:44","modified_gmt":"2025-12-01T15:30:44","slug":"ukrainska-dissen-mot-trump-ignorerar-witkoff","status":"publish","type":"post","link":"https:\/\/www.europesays.com\/se\/94629\/","title":{"rendered":"Ukrainska dissen mot Trump \u2013 ignorerar Witkoff"},"content":{"rendered":"<p>Efter m\u00f6tet mellan USA och Ukraina i Florida \u00e4r tong\u00e5ngarna odelat positiva fr\u00e5n b\u00e5da h\u00e5ll.\u00a0<\/p>\n<p>Men under m\u00f6tet kom ett litet tjuvnyp fr\u00e5n Ukrainas h\u00e5ll.\u00a0<\/p>\n<p>Tv\u00e5 av tre amerikaner runt bordet hyllades.\u00a0<\/p>\n<p>USA:s speciella s\u00e4ndebud Steve Witkoff n\u00e4mndes inte med ett enda ord. \u00a0<\/p>\n<p>S\u00e5 ska det svenska f\u00f6rsvaret byggas upp<img loading=\"lazy\"   alt=\"\"\/><\/p>\n<p>Marco Rubio och Jared Kushner hyllades av Ukraina, under p\u00e5g\u00e5ende sittning. Steve Witkoff n\u00e4mns inte alls.<\/p>\n<p>Foto: TERRY RENNA \/ AP TT NYHETSBYR\u00c5N<\/p>\n<p>\u00d6ppna bild i helsk\u00e4rm<img loading=\"lazy\"   alt=\"\"\/><\/p>\n<p>P\u00e5 m\u00e5ndagen \u00e5ker Wikoff till Moskva f\u00f6r att tr\u00e4ffa Putin igen.<\/p>\n<p>Foto: GAVRIIL GRIGOROV \/ AP TT NYHETSBYR\u00c5N<\/p>\n<p>\u00d6ppna bild i helsk\u00e4rm<img loading=\"lazy\"   alt=\"\"\/><\/p>\n<p>USA:s president Donald Trump och hustrun Melania.<\/p>\n<p>Foto: YURI GRIPAS\/UPI\/SHUTTERSTOCK \/ SHUTTERSTOCK EDITORIAL\/IBL<\/p>\n<p>\u00d6ppna bild i helsk\u00e4rm<\/p>\n<p>F\u00f6r en dryg vecka sedan m\u00f6ttes USA och <a href=\"https:\/\/www.expressen.se\/tagg\/location\/ukraina\/\" class=\"\" rel=\"nofollow noopener\" target=\"_blank\">Ukraina<\/a> i Gen\u00e8ve och landade i ett 19-punktsf\u00f6rslag f\u00f6r en framtida fred i Ukraina. \u00a0<\/p>\n<p>P\u00e5 s\u00f6ndagen f\u00f6ljdes m\u00f6tet upp p\u00e5 n\u00e4r parterna satt ner p\u00e5 den exklusiva golfbanan Shell Bay, som \u00e4gs av Trumps s\u00e4rskilda s\u00e4ndebud Steve Witkoff, 68.<\/p>\n<p>Steve Witkoff satt \u00e4ven med vid f\u00f6rhandlingsbordet, tillsammans med utrikesminister Marco Rubio och Trumps sv\u00e4rson Jared Kushner.<\/p>\n<p>Men det hade varit l\u00e4tt att missa. Samtidigt som v\u00e4rldens blickar riktades mot Shell Bay kom en hyllning fr\u00e5n andra sidan bordet som bara n\u00e4mnde tv\u00e5 av de tre amerikanska v\u00e4rdarna.\u00a0<\/p>\n<p>Ukrainas vice utrikesminister Sergiy Kyslytsya postade ett inl\u00e4gg p\u00e5 X \u2013 mitt under f\u00f6rhandlingarna \u2013 d\u00e4r han ber\u00f6mde Marco Rubio och Jared Kushner f\u00f6r deras goda ledarskap.\u00a0<\/p>\n<p><img loading=\"lazy\"   alt=\"\"\/><\/p>\n<p>Steve Witkoff n\u00e4mns inte med ett enda ord \u2013 satt mitt emot Kyslytsya.<\/p>\n<p>Foto: X<\/p>\n<p>\u00d6ppna bild i helsk\u00e4rm<\/p>\n<p>\u201dDet har varit en bra start p\u00e5 det p\u00e5g\u00e5ende m\u00f6tet. V\u00e4ldigt intressant och \u00e4n s\u00e5 l\u00e4nge konstruktivt. Varm atmosf\u00e4r, p\u00e5 v\u00e4g mot ett potentiellt fram\u00e5tstr\u00e4vande resultat. Mycket bra ledarskap av Marco Rubio. Precis som i Gen\u00e8ve s\u00e5 uppskattar jag Jared Kushners f\u00f6rh\u00e5llningss\u00e4tt och hur han l\u00e4gger fram en vision.\u201d<\/p>\n<p>Steve Witkoff n\u00e4mns inte med ett enda ord.\u00a0<\/p>\n<p>Flera av Sergiy Kyslytsyas f\u00f6ljare har p\u00e5 X noterat markeringen. \u201dJag ser vad du g\u00f6r\u201d, skriver en av dem. Kyslytsya sj\u00e4lv har inte kommenterat det.\u00a0<\/p>\n<p>Steve Witkoff beskrivs ofta som den som f\u00f6rfattat det 28-punktsf\u00f6rslag som presenterades i november och som beskrivs som en \u00f6nskelista fr\u00e5n Ryssland.\u00a0<\/p>\n<p>Under dagen ska Witkoff, tillsammans med Kushner, resa till Moskva f\u00f6r \u00e4nnu ett m\u00f6te med Vladimir Putin. D\u00e4r ska de personligen presentera ett utkast till fredsavtal f\u00f6r den ryske presidenten. Ukrainas president Volodymyr Zelenskyj bes\u00f6ker Paris och president Emmanuel Macron f\u00f6r att s\u00f6ka ytterligare st\u00f6d fr\u00e5n sina allierade i Europa.<\/p>\n","protected":false},"excerpt":{"rendered":"Efter m\u00f6tet mellan USA och Ukraina i Florida \u00e4r tong\u00e5ngarna odelat positiva fr\u00e5n b\u00e5da h\u00e5ll.\u00a0 Men under m\u00f6tet&hellip;\n","protected":false},"author":2,"featured_media":94630,"comment_status":"","ping_status":"","sticky":false,"template":"","format":"standard","meta":{"footnotes":""},"categories":[5],"tags":[22,23,26,27,17,21,24,25,274,202,45,28,29,15,276,16,198,335,18,34,55,31,33,32,30,19,204,60,20],"class_list":{"0":"post-94629","1":"post","2":"type-post","3":"status-publish","4":"format-standard","5":"has-post-thumbnail","7":"category-rubriker","8":"tag-breaking-news","9":"tag-breakingnews","10":"tag-featured-news","11":"tag-featurednews","12":"tag-headlines","13":"tag-huvudnyheter","14":"tag-latest-news","15":"tag-latestnews","16":"tag-location-ryssland","17":"tag-location-ukraina","18":"tag-location-usa","19":"tag-main-news","20":"tag-mainnews","21":"tag-news","22":"tag-newsstory-kriget-i-ukraina","23":"tag-nyheter","24":"tag-person-donald-trump","25":"tag-person-steve-witkoff","26":"tag-rubriker","27":"tag-se","28":"tag-sections-varlden","29":"tag-svenska","30":"tag-sverige","31":"tag-sweden","32":"tag-swedish","33":"tag-top-stories","34":"tag-topic-amerikansk-politik","35":"tag-topic-krig-konflikt","36":"tag-topstories"},"share_on_mastodon":{"url":"https:\/\/pubeurope.com\/@se\/115645030299041310","error":""},"_links":{"self":[{"href":"https:\/\/www.europesays.com\/se\/wp-json\/wp\/v2\/posts\/94629","targetHints":{"allow":["GET"]}}],"collection":[{"href":"https:\/\/www.europesays.com\/se\/wp-json\/wp\/v2\/posts"}],"about":[{"href":"https:\/\/www.europesays.com\/se\/wp-json\/wp\/v2\/types\/post"}],"author":[{"embeddable":true,"href":"https:\/\/www.europesays.com\/se\/wp-json\/wp\/v2\/users\/2"}],"replies":[{"embeddable":true,"href":"https:\/\/www.europesays.com\/se\/wp-json\/wp\/v2\/comments?post=94629"}],"version-history":[{"count":0,"href":"https:\/\/www.europesays.com\/se\/wp-json\/wp\/v2\/posts\/94629\/revisions"}],"wp:featuredmedia":[{"embeddable":true,"href":"https:\/\/www.europesays.com\/se\/wp-json\/wp\/v2\/media\/94630"}],"wp:attachment":[{"href":"https:\/\/www.europesays.com\/se\/wp-json\/wp\/v2\/media?parent=94629"}],"wp:term":[{"taxonomy":"category","embeddable":true,"href":"https:\/\/www.europesays.com\/se\/wp-json\/wp\/v2\/categories?post=94629"},{"taxonomy":"post_tag","embeddable":true,"href":"https:\/\/www.europesays.com\/se\/wp-json\/wp\/v2\/tags?post=94629"}],"curies":[{"name":"wp","href":"https:\/\/api.w.org\/{rel}","templated":true}]}}