{"id":94639,"date":"2025-12-01T15:44:07","date_gmt":"2025-12-01T15:44:07","guid":{"rendered":"https:\/\/www.europesays.com\/se\/94639\/"},"modified":"2025-12-01T15:44:07","modified_gmt":"2025-12-01T15:44:07","slug":"nya-tcl-a400-pro-qd-mini-led-tv-med-upp-till-288hz-kommer","status":"publish","type":"post","link":"https:\/\/www.europesays.com\/se\/94639\/","title":{"rendered":"Nya TCL A400 Pro QD-Mini LED-TV med upp till 288Hz kommer"},"content":{"rendered":"<p class=\"bodytext\">TCL har sl\u00e4ppt en ny smart TV i Kina, <a href=\"https:\/\/item.jd.com\/10203054398975.html\" target=\"_blank\" class=\"external-link-new-window\" rel=\"nofollow noopener\">A400 Pro<\/a>. Denna 4K QD-Mini LED-modell, som ing\u00e5r i varum\u00e4rkets QD-Mini LED Art TV-sortiment, finns i fem storlekar: 55-tum, 65-tum, 75-tum, 85-tum och 98-tum.<br \/>&#13;<\/p>\n<p class=\"bodytext\">TCL A400 Pro TV \u00e4r en 4K-modell med en inbyggd uppdateringsfrekvens p\u00e5 144 Hz, som kan \u00f6kas till 288 Hz. Den s\u00e4gs t\u00e4cka 157% av BT.709-f\u00e4rgskalan, med Filmmaker Mode och st\u00f6d f\u00f6r Dolby Vision IQ, HDR10+ och HLG. Det finns ocks\u00e5 en rad gamingfunktioner, som ALLM (auto low latency mode), VRR (variable refresh rate) och kompatibilitet med Dolby Vision Gaming och AMD FreeSync Premium Pro.<br \/>&#13;<\/p>\n<p class=\"bodytext\">TCL:s A400 Pro har ett integrerat h\u00f6gtalarsystem fr\u00e5n Onkyo, som fungerar med Dolby Atmos och DTS Virtual:X. Den har st\u00f6d f\u00f6r Wi-Fi 6 och erbjuder en rad olika portar, inklusive fyra HDMI 2.1, USB 3.0 och USB 2.0. Det \u00e4r ocks\u00e5 v\u00e4rt att notera att detta \u00e4r en relativt tunn modell som m\u00e4ter 3,99 cm (~1,6 tum) i tjocklek.<br \/>&#13;<\/p>\n<p class=\"bodytext\">I Kina b\u00f6rjar priserna p\u00e5 TCL A400 Pro TV fr\u00e5n CNY 7 999 (~ $ 1 131) f\u00f6r 55-tumsmodellen. Det \u00e4r oklart om eller n\u00e4r en version av denna TV kan sl\u00e4ppas p\u00e5 andra marknader. Som en guide till hur mycket den h\u00e4r modellen skulle kunna kosta om den sl\u00e4pptes i USA, sl\u00e4pptes 65-tums 2025 QM7K QD-Mini LED med ett rekommenderat pris p\u00e5 1 499,99<a href=\"https:\/\/www.amazon.com\/TCL-65QM7K-120HZ-144HZ-Reflective-Television\/dp\/B0DVX8WJ7S\/?tag=nbcnewsnet-20\" target=\"_blank\" rel=\"sponsored nofollow noopener\" class=\"external-link-new-window\">USD (nuvarande 797,99 USD p\u00e5 Amazon<\/a>). <\/p>\n","protected":false},"excerpt":{"rendered":"TCL har sl\u00e4ppt en ny smart TV i Kina, A400 Pro. Denna 4K QD-Mini LED-modell, som ing\u00e5r i&hellip;\n","protected":false},"author":2,"featured_media":94640,"comment_status":"","ping_status":"","sticky":false,"template":"","format":"standard","meta":{"footnotes":""},"categories":[66],"tags":[11193,11198,7083,7084,7085,11197,80,78,79,34,31,33,32,30,11194,11192,11191,11196,11195,81,84,83,82],"class_list":{"0":"post-94639","1":"post","2":"type-post","3":"status-publish","4":"format-standard","5":"has-post-thumbnail","7":"category-vetenskap-och-teknik","8":"tag-a400-pro","9":"tag-a44","10":"tag-barbar-dator","11":"tag-laptop","12":"tag-notebook","13":"tag-qd-mini-led","14":"tag-science","15":"tag-science-and-technology","16":"tag-scienceandtechnology","17":"tag-se","18":"tag-svenska","19":"tag-sverige","20":"tag-sweden","21":"tag-swedish","22":"tag-tcl","23":"tag-tcl-a400-pro","24":"tag-tcl-a400-pro-tv","25":"tag-tcl-qd-mini-led-tv","26":"tag-tcl-tv","27":"tag-technology","28":"tag-teknik","29":"tag-vetenskap","30":"tag-vetenskapteknik"},"share_on_mastodon":{"url":"https:\/\/pubeurope.com\/@se\/115645085325911948","error":""},"_links":{"self":[{"href":"https:\/\/www.europesays.com\/se\/wp-json\/wp\/v2\/posts\/94639","targetHints":{"allow":["GET"]}}],"collection":[{"href":"https:\/\/www.europesays.com\/se\/wp-json\/wp\/v2\/posts"}],"about":[{"href":"https:\/\/www.europesays.com\/se\/wp-json\/wp\/v2\/types\/post"}],"author":[{"embeddable":true,"href":"https:\/\/www.europesays.com\/se\/wp-json\/wp\/v2\/users\/2"}],"replies":[{"embeddable":true,"href":"https:\/\/www.europesays.com\/se\/wp-json\/wp\/v2\/comments?post=94639"}],"version-history":[{"count":0,"href":"https:\/\/www.europesays.com\/se\/wp-json\/wp\/v2\/posts\/94639\/revisions"}],"wp:featuredmedia":[{"embeddable":true,"href":"https:\/\/www.europesays.com\/se\/wp-json\/wp\/v2\/media\/94640"}],"wp:attachment":[{"href":"https:\/\/www.europesays.com\/se\/wp-json\/wp\/v2\/media?parent=94639"}],"wp:term":[{"taxonomy":"category","embeddable":true,"href":"https:\/\/www.europesays.com\/se\/wp-json\/wp\/v2\/categories?post=94639"},{"taxonomy":"post_tag","embeddable":true,"href":"https:\/\/www.europesays.com\/se\/wp-json\/wp\/v2\/tags?post=94639"}],"curies":[{"name":"wp","href":"https:\/\/api.w.org\/{rel}","templated":true}]}}