{"id":94675,"date":"2025-12-01T16:28:08","date_gmt":"2025-12-01T16:28:08","guid":{"rendered":"https:\/\/www.europesays.com\/se\/94675\/"},"modified":"2025-12-01T16:28:08","modified_gmt":"2025-12-01T16:28:08","slug":"problem-igen-med-varningssignalen-darfor-var-det-tyst-corren","status":"publish","type":"post","link":"https:\/\/www.europesays.com\/se\/94675\/","title":{"rendered":"Problem igen med varningssignalen \u2013 d\u00e4rf\u00f6r var det tyst &#8211; Corren"},"content":{"rendered":"<ol>\n<li><a href=\"https:\/\/news.google.com\/rss\/articles\/CBMirAFBVV95cUxQcVE4OERNZUNPOGFTdjB0Y0xIUzBJV0hMbXVDYkFqQlJocEgxdTZZem9MZ3lFT0RkXzgzZERwMVRXazFRLW5HX3doV01BRXBwM0o3MkRSaVRXVnVHREliV1ZTQlpuUXlEOF91ZTNXM2llbk5XN3ZCZGZNQU5GNktpNk1zNHIwWUF4eTJHSGJ2US1oLXpVQmxLUW9CSWVSOE9xMFNMNGlRMkd6cWRR?oc=5\" target=\"_blank\" rel=\"nofollow noopener\">Problem igen med varningssignalen \u2013 d\u00e4rf\u00f6r var det tyst<\/a>&nbsp;&nbsp;Corren<\/li>\n<li><a href=\"https:\/\/news.google.com\/rss\/articles\/CBMimwFBVV95cUxNYlkxdjJnWnZ3ZC1wY0JGc3VyUEhIZEFBX2tYTWVDZkxySFloSWIzcEJLOVZobTlPT1VDV1pNRF9aZk9CckJiVDhLZnJCSGRDX2cyTU1rdFdmU1o0Mkd5bXZQelNDYTZCR2tyVExFV0NDWHRWWUtpUzczX2Q5ZWwyUkNfbGZrLVMxVjNBY1ZhblVia01nZGhGUUF1NA?oc=5\" target=\"_blank\" rel=\"nofollow noopener\">Krislarmet v\u00e4xer \u2013 nu f\u00e5r fler byar Hesa Fredrik<\/a>&nbsp;&nbsp;Kristianstadsbladet<\/li>\n<li><a href=\"https:\/\/news.google.com\/rss\/articles\/CBMi6gFBVV95cUxQd1g0YWx6UGVQZTBRMmxIVHFSVDFmSW5UcG14VVlqVzI1OWR1bFl0cEJJc212RzlWc1pfZm02c1A2LU9XMEpYcHB6LWR6N3VvRFNYbFJnMERJQnNQVjNwZGhqbDlmeVNFQWxscldDMlRoT0VVYl9RaFdUdlVKb0pnTElYM2dRall0T2tTR05kcE5OYkJBUTNScVV3bnVHZHRJWFFSQ2g4QUk2NXI2NGhvTTVVUlQ0Sk9aNFgtXzVvVlZZQlAwX0ZuN2NHaGxVWFNhSC1qd1hmUzVDT0FDTGJaWTNQOWVhUF9aSmc?oc=5\" target=\"_blank\" rel=\"nofollow noopener\">I dag testas signalen Viktigt meddelande till allm\u00e4nheten<\/a>&nbsp;&nbsp;L\u00e4nsstyrelsen<\/li>\n<li><a href=\"https:\/\/news.google.com\/rss\/articles\/CBMiigFBVV95cUxQN05MRU13aEFUcURNWXd5aFhiMTY3Sl9Cek9UNjlrNGlLaWJ3cVBZLVU4U2FuaHVxcWZTdFhfSjdkY1U4T2U1ZVVnellQd2lnV0lYV3dzUWQzUUU5UjdVdFdjWlN0VEd5XzhmaS1KMVVWc2xjN1JsT0pmWFdVckFTOUZKeElXY2NZWGc?oc=5\" target=\"_blank\" rel=\"nofollow noopener\">Testet av Hesa Fredrik uteblev idag<\/a>&nbsp;&nbsp;\u00d6rnsk\u00f6ldsviks kommun<\/li>\n<li><a href=\"https:\/\/news.google.com\/rss\/articles\/CBMiX0FVX3lxTE9vRS16a1hqSUVRMW1VNDhqWmV5ckhWOGxUT1dnUWxQN2VnTmRiU0RpNUNJTEItT0p4VTlZaTBNMnVja0Q2ZHA2NkNxS3l1MDlteVE1eG9YQng5TlJvS2pR?oc=5\" target=\"_blank\" rel=\"nofollow noopener\">VMA testas den 1 december<\/a>&nbsp;&nbsp;R\u00e4ddningstj\u00e4nsten \u00d6stra G\u00f6taland<\/li>\n<\/ol>\n","protected":false},"excerpt":{"rendered":"Problem igen med varningssignalen \u2013 d\u00e4rf\u00f6r var det tyst&nbsp;&nbsp;Corren Krislarmet v\u00e4xer \u2013 nu f\u00e5r fler byar Hesa Fredrik&nbsp;&nbsp;Kristianstadsbladet&hellip;\n","protected":false},"author":2,"featured_media":94676,"comment_status":"","ping_status":"","sticky":false,"template":"","format":"standard","meta":{"footnotes":""},"categories":[12],"tags":[22,23,26,27,17,21,24,25,28,29,15,16,18,34,31,33,32,30,19,20],"class_list":{"0":"post-94675","1":"post","2":"type-post","3":"status-publish","4":"format-standard","5":"has-post-thumbnail","7":"category-sverige","8":"tag-breaking-news","9":"tag-breakingnews","10":"tag-featured-news","11":"tag-featurednews","12":"tag-headlines","13":"tag-huvudnyheter","14":"tag-latest-news","15":"tag-latestnews","16":"tag-main-news","17":"tag-mainnews","18":"tag-news","19":"tag-nyheter","20":"tag-rubriker","21":"tag-se","22":"tag-svenska","23":"tag-sverige","24":"tag-sweden","25":"tag-swedish","26":"tag-top-stories","27":"tag-topstories"},"share_on_mastodon":{"url":"https:\/\/pubeurope.com\/@se\/115645258428658799","error":""},"_links":{"self":[{"href":"https:\/\/www.europesays.com\/se\/wp-json\/wp\/v2\/posts\/94675","targetHints":{"allow":["GET"]}}],"collection":[{"href":"https:\/\/www.europesays.com\/se\/wp-json\/wp\/v2\/posts"}],"about":[{"href":"https:\/\/www.europesays.com\/se\/wp-json\/wp\/v2\/types\/post"}],"author":[{"embeddable":true,"href":"https:\/\/www.europesays.com\/se\/wp-json\/wp\/v2\/users\/2"}],"replies":[{"embeddable":true,"href":"https:\/\/www.europesays.com\/se\/wp-json\/wp\/v2\/comments?post=94675"}],"version-history":[{"count":0,"href":"https:\/\/www.europesays.com\/se\/wp-json\/wp\/v2\/posts\/94675\/revisions"}],"wp:featuredmedia":[{"embeddable":true,"href":"https:\/\/www.europesays.com\/se\/wp-json\/wp\/v2\/media\/94676"}],"wp:attachment":[{"href":"https:\/\/www.europesays.com\/se\/wp-json\/wp\/v2\/media?parent=94675"}],"wp:term":[{"taxonomy":"category","embeddable":true,"href":"https:\/\/www.europesays.com\/se\/wp-json\/wp\/v2\/categories?post=94675"},{"taxonomy":"post_tag","embeddable":true,"href":"https:\/\/www.europesays.com\/se\/wp-json\/wp\/v2\/tags?post=94675"}],"curies":[{"name":"wp","href":"https:\/\/api.w.org\/{rel}","templated":true}]}}