{"id":94695,"date":"2025-12-01T17:05:08","date_gmt":"2025-12-01T17:05:08","guid":{"rendered":"https:\/\/www.europesays.com\/se\/94695\/"},"modified":"2025-12-01T17:05:08","modified_gmt":"2025-12-01T17:05:08","slug":"firefox-borjar-lata-anvandare-skriva-anteckningar-pa-flikar","status":"publish","type":"post","link":"https:\/\/www.europesays.com\/se\/94695\/","title":{"rendered":"Firefox b\u00f6rjar l\u00e5ta anv\u00e4ndare skriva anteckningar p\u00e5 flikar"},"content":{"rendered":"<p>Firefox h\u00e5ller p\u00e5 att testa en ny funktion, Web Notes, som l\u00e5ter anv\u00e4ndare skriva korta anteckningar direkt p\u00e5 flikar i webbl\u00e4saren. Exempelvis en p\u00e5minnelse om vad de h\u00f6ll p\u00e5 med, rapporterar <a href=\"https:\/\/idg.digidip.net\/visit?url=https:\/\/www.pcmag.com\/news\/firefox-trials-new-web-notes-to-remind-you-why-youve-left-a-tab-open&amp;currurl=https:\/\/www.m3.se\/article\/2996237\/firefox-borjar-lata-anvandare-skriva-anteckningar-pa-flikar.html&amp;ref=9-1-2996237-1-0-0-0-0\" rel=\"nofollow noopener\" data-subtag=\"9-1-2996237-1-0-0-0-0\" data-domain-name=\"pcmag\" target=\"_blank\">PC Mag<\/a>. <\/p>\n<p>Genom att h\u00f6gerklicka p\u00e5 en flik visas alternativet \u201cAdd Note\u201d (\u201cL\u00e4gg till anteckning\u201d) mellan \u201cBokm\u00e4rk flik\u201d och \u201cFlytta flik\u201d. Anv\u00e4ndaren kan skriva en rad med text som sparas tills dess att fliken st\u00e4ngs ner. Fliken f\u00e5r samtidigt \u00e4ven en liten anteckningsikon p\u00e5 sig. Funktionen fungerar inte f\u00f6r tomma flikar eller inst\u00e4llningssidan. <\/p>\n<p>Web Notes finns just nu tillg\u00e4nglig i testversionen Firefox Nightly. Det \u00e4r f\u00f6r stunden oklart n\u00e4r den kan komma till den stabila versionen av Firefox.<\/p>\n","protected":false},"excerpt":{"rendered":"Firefox h\u00e5ller p\u00e5 att testa en ny funktion, Web Notes, som l\u00e5ter anv\u00e4ndare skriva korta anteckningar direkt p\u00e5&hellip;\n","protected":false},"author":2,"featured_media":94696,"comment_status":"","ping_status":"","sticky":false,"template":"","format":"standard","meta":{"footnotes":""},"categories":[66],"tags":[80,78,79,34,31,33,32,30,81,84,83,82],"class_list":{"0":"post-94695","1":"post","2":"type-post","3":"status-publish","4":"format-standard","5":"has-post-thumbnail","7":"category-vetenskap-och-teknik","8":"tag-science","9":"tag-science-and-technology","10":"tag-scienceandtechnology","11":"tag-se","12":"tag-svenska","13":"tag-sverige","14":"tag-sweden","15":"tag-swedish","16":"tag-technology","17":"tag-teknik","18":"tag-vetenskap","19":"tag-vetenskapteknik"},"share_on_mastodon":{"url":"https:\/\/pubeurope.com\/@se\/115645404022172958","error":""},"_links":{"self":[{"href":"https:\/\/www.europesays.com\/se\/wp-json\/wp\/v2\/posts\/94695","targetHints":{"allow":["GET"]}}],"collection":[{"href":"https:\/\/www.europesays.com\/se\/wp-json\/wp\/v2\/posts"}],"about":[{"href":"https:\/\/www.europesays.com\/se\/wp-json\/wp\/v2\/types\/post"}],"author":[{"embeddable":true,"href":"https:\/\/www.europesays.com\/se\/wp-json\/wp\/v2\/users\/2"}],"replies":[{"embeddable":true,"href":"https:\/\/www.europesays.com\/se\/wp-json\/wp\/v2\/comments?post=94695"}],"version-history":[{"count":0,"href":"https:\/\/www.europesays.com\/se\/wp-json\/wp\/v2\/posts\/94695\/revisions"}],"wp:featuredmedia":[{"embeddable":true,"href":"https:\/\/www.europesays.com\/se\/wp-json\/wp\/v2\/media\/94696"}],"wp:attachment":[{"href":"https:\/\/www.europesays.com\/se\/wp-json\/wp\/v2\/media?parent=94695"}],"wp:term":[{"taxonomy":"category","embeddable":true,"href":"https:\/\/www.europesays.com\/se\/wp-json\/wp\/v2\/categories?post=94695"},{"taxonomy":"post_tag","embeddable":true,"href":"https:\/\/www.europesays.com\/se\/wp-json\/wp\/v2\/tags?post=94695"}],"curies":[{"name":"wp","href":"https:\/\/api.w.org\/{rel}","templated":true}]}}