{"id":94700,"date":"2025-12-01T17:11:13","date_gmt":"2025-12-01T17:11:13","guid":{"rendered":"https:\/\/www.europesays.com\/se\/94700\/"},"modified":"2025-12-01T17:11:13","modified_gmt":"2025-12-01T17:11:13","slug":"klassikerklubben-frantas-ytterligare-poang","status":"publish","type":"post","link":"https:\/\/www.europesays.com\/se\/94700\/","title":{"rendered":"Klassikerklubben fr\u00e5ntas ytterligare po\u00e4ng"},"content":{"rendered":"<p>share-arrowDela<\/p>\n<p>unsaveSpara<\/p>\n<p>expand-left<\/p>\n<p>helsk\u00e4rm<img decoding=\"async\" class=\"image-asset hyperion-css-u06ts1\" data-test-tag=\"image-asset\" src=\"https:\/\/www.europesays.com\/se\/wp-content\/uploads\/2025\/12\/21c170a6-c8ae-4ef0-84bf-6e9dca62ab41\"  alt=\"Den engelska fotbollsklubben Sheffield Wednesday har f\u00e5tt avdrag p\u00e5 totalt 18 po\u00e4ng den h\u00e4r Championship-s\u00e4songen, efter stora ekonomiska problem. Arkivbild.\"  loading=\"eager\" fetchpriority=\"high\" style=\"aspect-ratio:1900 \/ 1185\"\/>Den engelska fotbollsklubben Sheffield Wednesday har f\u00e5tt avdrag p\u00e5 totalt 18 po\u00e4ng den h\u00e4r Championship-s\u00e4songen, efter stora ekonomiska problem. Arkivbild. Foto: Andreas Hillergren\/TT<\/p>\n<p class=\"hyperion-css-1shl3oz\" data-test-tag=\"lead-text\">Sheffield Wednesday ans\u00f6kte om konkurs i oktober, och fick d\u00e5 tolv po\u00e4ngs avdrag i Championship-fotbollen. Nu har klubben f\u00e5tt ytterligare sex po\u00e4ngs avdrag av ligan, rapporterar Sky Sports.<\/p>\n<p class=\"hyperion-css-1v9qo5x\">Den h\u00e4r g\u00e5ngen p\u00e5 grund av uteblivna l\u00f6ner till spelare under mars, maj och juni, samt uteblivna betalningar till ledarstab och saknade skatteinbetalningar.<\/p>\n<p class=\"hyperion-css-1v9qo5x\">Sheffield Wednesday har nu minus tio po\u00e4ng, och ligger sist i Championship-tabellen. Laget har 23 po\u00e4ng upp till n\u00e4stjumbon Norwich och \u00e4r 27 po\u00e4ng fr\u00e5n s\u00e4ker mark.<\/p>\n<p class=\"hyperion-css-1v9qo5x\">Klubbens tidigare \u00e4gare Deijphon Chansiri, som l\u00e4mnade i samband med konkursans\u00f6kan, har f\u00f6rbjudits att bli \u00e4gare eller direkt\u00f6r i en Championship-klubb de n\u00e4rmsta tre \u00e5ren.<\/p>\n<p class=\"hyperion-css-1v9qo5x\">Den 158-\u00e5riga klubben \u00e4r ute f\u00f6r f\u00f6rs\u00e4ljning.<\/p>\n","protected":false},"excerpt":{"rendered":"share-arrowDela unsaveSpara expand-left helsk\u00e4rmDen engelska fotbollsklubben Sheffield Wednesday har f\u00e5tt avdrag p\u00e5 totalt 18 po\u00e4ng den h\u00e4r Championship-s\u00e4songen,&hellip;\n","protected":false},"author":2,"featured_media":94701,"comment_status":"","ping_status":"","sticky":false,"template":"","format":"standard","meta":{"footnotes":""},"categories":[68],"tags":[34,111,110,31,33,32,30],"class_list":{"0":"post-94700","1":"post","2":"type-post","3":"status-publish","4":"format-standard","5":"has-post-thumbnail","7":"category-sport","8":"tag-se","9":"tag-sport","10":"tag-sports","11":"tag-svenska","12":"tag-sverige","13":"tag-sweden","14":"tag-swedish"},"share_on_mastodon":{"url":"https:\/\/pubeurope.com\/@se\/115645427630526655","error":""},"_links":{"self":[{"href":"https:\/\/www.europesays.com\/se\/wp-json\/wp\/v2\/posts\/94700","targetHints":{"allow":["GET"]}}],"collection":[{"href":"https:\/\/www.europesays.com\/se\/wp-json\/wp\/v2\/posts"}],"about":[{"href":"https:\/\/www.europesays.com\/se\/wp-json\/wp\/v2\/types\/post"}],"author":[{"embeddable":true,"href":"https:\/\/www.europesays.com\/se\/wp-json\/wp\/v2\/users\/2"}],"replies":[{"embeddable":true,"href":"https:\/\/www.europesays.com\/se\/wp-json\/wp\/v2\/comments?post=94700"}],"version-history":[{"count":0,"href":"https:\/\/www.europesays.com\/se\/wp-json\/wp\/v2\/posts\/94700\/revisions"}],"wp:featuredmedia":[{"embeddable":true,"href":"https:\/\/www.europesays.com\/se\/wp-json\/wp\/v2\/media\/94701"}],"wp:attachment":[{"href":"https:\/\/www.europesays.com\/se\/wp-json\/wp\/v2\/media?parent=94700"}],"wp:term":[{"taxonomy":"category","embeddable":true,"href":"https:\/\/www.europesays.com\/se\/wp-json\/wp\/v2\/categories?post=94700"},{"taxonomy":"post_tag","embeddable":true,"href":"https:\/\/www.europesays.com\/se\/wp-json\/wp\/v2\/tags?post=94700"}],"curies":[{"name":"wp","href":"https:\/\/api.w.org\/{rel}","templated":true}]}}