{"id":94711,"date":"2025-12-01T17:24:12","date_gmt":"2025-12-01T17:24:12","guid":{"rendered":"https:\/\/www.europesays.com\/se\/94711\/"},"modified":"2025-12-01T17:24:12","modified_gmt":"2025-12-01T17:24:12","slug":"aklagaren-om-misstankta-styckmordet-i-oskarshamn-stora-delar-av-kroppen-saknas","status":"publish","type":"post","link":"https:\/\/www.europesays.com\/se\/94711\/","title":{"rendered":"\u00c5klagaren om misst\u00e4nkta styckmordet i Oskarshamn: Stora delar av kroppen saknas"},"content":{"rendered":"<p><strong>2 januari\u20133 januari:<\/strong> 25-\u00e5ringen m\u00f6rdas*<\/p>\n<p><strong>2 januari\u201313 januari:<\/strong> 25-\u00e5ringen uts\u00e4tts f\u00f6r ett grovt gravfridsbrott*<\/p>\n<p><strong>2-30 januari:<\/strong> Den misst\u00e4nkte beg\u00e5r flera fall av grovt bedr\u00e4geri och olovlig identitetsanv\u00e4ndning samt ett fall av urkundsf\u00f6rfalskning mot 25-\u00e5ringen*<\/p>\n<p><strong>30 januari:<\/strong> V\u00e4nner till den m\u00f6rdade 25-\u00e5ringen bes\u00f6ker Oskarshamns polisstation och anm\u00e4ler honom som f\u00f6rsvunnen<\/p>\n<p><strong>11 februari:<\/strong> Anm\u00e4lan om m\u00e4nniskorov uppr\u00e4ttas<\/p>\n<p><strong>25 februari:<\/strong> Husrannsakan i den misst\u00e4nkta mannens l\u00e4genhet i Oskarshamn<\/p>\n<p><strong>26 februari:<\/strong> Brottsrubriceringen \u00e4ndras fr\u00e5n m\u00e4nniskorov till misst\u00e4nkt mord<\/p>\n<p><strong>18 april:<\/strong> Den misst\u00e4nkte grips p\u00e5 Arlanda i Stockholm n\u00e4r han \u00e5terv\u00e4nder fr\u00e5n utlandet<\/p>\n<p><strong>21 april: <\/strong>Den misst\u00e4nkte h\u00e4ktas p\u00e5 sannolika sk\u00e4l misst\u00e4nkt f\u00f6r bland annat mord och grovt gravfridsbrott<\/p>\n<p><strong>13 oktober: <\/strong>En liten sinnesunders\u00f6kning, en s\u00e5 kallad 7\u00a7-unders\u00f6kning visar att den misst\u00e4nkte inte lidit av en psykisk st\u00f6rning vid brottet<\/p>\n<p><strong>1 december: <\/strong>Den misst\u00e4nkte \u00e5talas f\u00f6r mord, grovt gravfridsbrott och flera fall av grovt bedr\u00e4geri vid Kalmar tingsr\u00e4tt<\/p>\n<p>*Fotnot: Uppgifterna \u00e4r enligt \u00e5klagare Emma Olsson<\/p>\n","protected":false},"excerpt":{"rendered":"2 januari\u20133 januari: 25-\u00e5ringen m\u00f6rdas* 2 januari\u201313 januari: 25-\u00e5ringen uts\u00e4tts f\u00f6r ett grovt gravfridsbrott* 2-30 januari: Den misst\u00e4nkte&hellip;\n","protected":false},"author":2,"featured_media":94712,"comment_status":"","ping_status":"","sticky":false,"template":"","format":"standard","meta":{"footnotes":""},"categories":[12],"tags":[22,23,26,27,17,21,24,25,28,29,15,16,18,34,31,33,32,30,19,20],"class_list":{"0":"post-94711","1":"post","2":"type-post","3":"status-publish","4":"format-standard","5":"has-post-thumbnail","7":"category-sverige","8":"tag-breaking-news","9":"tag-breakingnews","10":"tag-featured-news","11":"tag-featurednews","12":"tag-headlines","13":"tag-huvudnyheter","14":"tag-latest-news","15":"tag-latestnews","16":"tag-main-news","17":"tag-mainnews","18":"tag-news","19":"tag-nyheter","20":"tag-rubriker","21":"tag-se","22":"tag-svenska","23":"tag-sverige","24":"tag-sweden","25":"tag-swedish","26":"tag-top-stories","27":"tag-topstories"},"share_on_mastodon":{"url":"https:\/\/pubeurope.com\/@se\/115645478563023006","error":""},"_links":{"self":[{"href":"https:\/\/www.europesays.com\/se\/wp-json\/wp\/v2\/posts\/94711","targetHints":{"allow":["GET"]}}],"collection":[{"href":"https:\/\/www.europesays.com\/se\/wp-json\/wp\/v2\/posts"}],"about":[{"href":"https:\/\/www.europesays.com\/se\/wp-json\/wp\/v2\/types\/post"}],"author":[{"embeddable":true,"href":"https:\/\/www.europesays.com\/se\/wp-json\/wp\/v2\/users\/2"}],"replies":[{"embeddable":true,"href":"https:\/\/www.europesays.com\/se\/wp-json\/wp\/v2\/comments?post=94711"}],"version-history":[{"count":0,"href":"https:\/\/www.europesays.com\/se\/wp-json\/wp\/v2\/posts\/94711\/revisions"}],"wp:featuredmedia":[{"embeddable":true,"href":"https:\/\/www.europesays.com\/se\/wp-json\/wp\/v2\/media\/94712"}],"wp:attachment":[{"href":"https:\/\/www.europesays.com\/se\/wp-json\/wp\/v2\/media?parent=94711"}],"wp:term":[{"taxonomy":"category","embeddable":true,"href":"https:\/\/www.europesays.com\/se\/wp-json\/wp\/v2\/categories?post=94711"},{"taxonomy":"post_tag","embeddable":true,"href":"https:\/\/www.europesays.com\/se\/wp-json\/wp\/v2\/tags?post=94711"}],"curies":[{"name":"wp","href":"https:\/\/api.w.org\/{rel}","templated":true}]}}