{"id":94714,"date":"2025-12-01T17:32:15","date_gmt":"2025-12-01T17:32:15","guid":{"rendered":"https:\/\/www.europesays.com\/se\/94714\/"},"modified":"2025-12-01T17:32:15","modified_gmt":"2025-12-01T17:32:15","slug":"misstanks-ha-mordat-ukrainsk-kvinna-i-karlskrona-hade-kontaktforbud","status":"publish","type":"post","link":"https:\/\/www.europesays.com\/se\/94714\/","title":{"rendered":"Misst\u00e4nks ha m\u00f6rdat ukrainsk kvinna i Karlskrona \u2013 hade kontaktf\u00f6rbud"},"content":{"rendered":"<p>Publicerad 1 dec 2025 kl 14.31<\/p>\n<p>Den man som misst\u00e4nks f\u00f6r knivmordet p\u00e5 en ukrainsk kvinna i Karlskrona var f\u00f6rbjuden att ta kontakt med henne.<\/p>\n<p>Kontaktf\u00f6rbudet tr\u00e4dde i kraft i oktober.<\/p>\n<p>Enligt <a href=\"https:\/\/www.svt.se\/nyheter\/lokalt\/blekinge\/kopplingen-misstankte-mordaren-hade-karleksrelation-med-offret\" rel=\"nofollow noopener\" target=\"_blank\">SVT Blekinge<\/a> ska mannen och kvinnan ha haft en relation.\u00a0<\/p>\n<p><img   alt=\"\"\/><\/p>\n<p>Kvinnan hittades utomhus p\u00e5 torsdagen den 27 november.<\/p>\n<p>Foto: MAGNUS LEJHALL<\/p>\n<p>\u00d6ppna bild i helsk\u00e4rm<img loading=\"lazy\"   alt=\"\"\/> <\/p>\n<p>Foto: MAGNUS LEJHALL<\/p>\n<p>\u00d6ppna bild i helsk\u00e4rm<\/p>\n<p>P\u00e5 f\u00f6rmiddagen den 27 november larmades polisen till bostadsomr\u00e5det Galgamarken i <a href=\"https:\/\/www.expressen.se\/tagg\/location\/karlskrona\/\" class=\"\" rel=\"nofollow noopener\" target=\"_blank\">Karlskrona<\/a>. En kvinna i 50-\u00e5rs\u00e5ldern hittades sv\u00e5rt skadad p\u00e5 marken. Hon hade blivit skuren med en kniv och avled p\u00e5 sjukhus.<\/p>\n<p>En 37-\u00e5rig man greps direkt och h\u00e4ktades p\u00e5 s\u00f6ndagen, misst\u00e4nkt f\u00f6r mordet p\u00e5 kvinnan.<\/p>\n<p>Kvinnan hade flytt till Sverige fr\u00e5n krigets Ukraina, vilket Expressen <a href=\"https:\/\/www.expressen.se\/nyheter\/krim\/kvinnan-flydde-kriget-i-ukraina-misstanks-ha-knivmordats-i-karlskrona\/\" rel=\"nofollow noopener\" target=\"_blank\">tidigare har rapporterat<\/a>.\u00a0<\/p>\n<p>Mannen och kvinnan hade tidigare haft en relation med varandra, rapporterar SVT Blekinge.\u00a0<\/p>\n<p>\u201dFanns sk\u00e4l f\u00f6r kontaktf\u00f6rbud\u201d<\/p>\n<p>I oktober utf\u00e4rdades ett kontaktf\u00f6rbud mot mannen, vilket innebar att han f\u00f6rbj\u00f6ds att ta kontakt med kvinnan eller tr\u00e4ffa henne.\u00a0<\/p>\n<p>\u2013 Det h\u00e4r kontaktf\u00f6rbudet har ju d\u00e5 efterf\u00f6ljts, s\u00e5vitt vi vet. Vi h\u00e5ller p\u00e5 att utreda det, men det \u00e4r ingenting som har framkommit hittills att det skulle varit n\u00e5gon kontakt efter det, s\u00e4ger \u00e5klagare Anna Johansson Toresten.\u00a0<\/p>\n<p>Hon vill inte g\u00e5 in p\u00e5 varf\u00f6r kontaktf\u00f6rbudet utf\u00e4rdades, eller vilken typ av relation mannen och kvinnan hade.<\/p>\n<p>\u2013 Det jag kan s\u00e4ga \u00e4r att just n\u00e4r kontaktf\u00f6rbudet utf\u00e4rdades s\u00e5 fanns det sk\u00e4l f\u00f6r ett kontaktf\u00f6rbud.<\/p>\n<p>37-\u00e5ringen ska nu genomg\u00e5 en s\u00e5 kallad paragraf 7-unders\u00f6kning, en mindre r\u00e4ttspsykiatrisk utredning, f\u00f6r att utreda om han kan ha lidit av en psykisk st\u00f6rning vid tiden f\u00f6r mordet, enligt <a href=\"https:\/\/www.blt.se\/karlskrona\/aklagaren-bekraftar-37-aringen-hade-kontaktforbud-fick-inte-traffa-kvinnan\/\" rel=\"nofollow noopener\" target=\"_blank\">BLT.<\/a>\u00a0<\/p>\n","protected":false},"excerpt":{"rendered":"Publicerad 1 dec 2025 kl 14.31 Den man som misst\u00e4nks f\u00f6r knivmordet p\u00e5 en ukrainsk kvinna i Karlskrona&hellip;\n","protected":false},"author":2,"featured_media":94715,"comment_status":"","ping_status":"","sticky":false,"template":"","format":"standard","meta":{"footnotes":""},"categories":[12],"tags":[22,23,26,27,17,21,24,25,1570,28,29,15,16,18,34,154,31,33,32,30,19,20],"class_list":{"0":"post-94714","1":"post","2":"type-post","3":"status-publish","4":"format-standard","5":"has-post-thumbnail","7":"category-sverige","8":"tag-breaking-news","9":"tag-breakingnews","10":"tag-featured-news","11":"tag-featurednews","12":"tag-headlines","13":"tag-huvudnyheter","14":"tag-latest-news","15":"tag-latestnews","16":"tag-location-karlskrona","17":"tag-main-news","18":"tag-mainnews","19":"tag-news","20":"tag-nyheter","21":"tag-rubriker","22":"tag-se","23":"tag-sections-sverige","24":"tag-svenska","25":"tag-sverige","26":"tag-sweden","27":"tag-swedish","28":"tag-top-stories","29":"tag-topstories"},"share_on_mastodon":{"url":"https:\/\/pubeurope.com\/@se\/115645509956972351","error":""},"_links":{"self":[{"href":"https:\/\/www.europesays.com\/se\/wp-json\/wp\/v2\/posts\/94714","targetHints":{"allow":["GET"]}}],"collection":[{"href":"https:\/\/www.europesays.com\/se\/wp-json\/wp\/v2\/posts"}],"about":[{"href":"https:\/\/www.europesays.com\/se\/wp-json\/wp\/v2\/types\/post"}],"author":[{"embeddable":true,"href":"https:\/\/www.europesays.com\/se\/wp-json\/wp\/v2\/users\/2"}],"replies":[{"embeddable":true,"href":"https:\/\/www.europesays.com\/se\/wp-json\/wp\/v2\/comments?post=94714"}],"version-history":[{"count":0,"href":"https:\/\/www.europesays.com\/se\/wp-json\/wp\/v2\/posts\/94714\/revisions"}],"wp:featuredmedia":[{"embeddable":true,"href":"https:\/\/www.europesays.com\/se\/wp-json\/wp\/v2\/media\/94715"}],"wp:attachment":[{"href":"https:\/\/www.europesays.com\/se\/wp-json\/wp\/v2\/media?parent=94714"}],"wp:term":[{"taxonomy":"category","embeddable":true,"href":"https:\/\/www.europesays.com\/se\/wp-json\/wp\/v2\/categories?post=94714"},{"taxonomy":"post_tag","embeddable":true,"href":"https:\/\/www.europesays.com\/se\/wp-json\/wp\/v2\/tags?post=94714"}],"curies":[{"name":"wp","href":"https:\/\/api.w.org\/{rel}","templated":true}]}}