{"id":94716,"date":"2025-12-01T17:35:14","date_gmt":"2025-12-01T17:35:14","guid":{"rendered":"https:\/\/www.europesays.com\/se\/94716\/"},"modified":"2025-12-01T17:35:14","modified_gmt":"2025-12-01T17:35:14","slug":"kom-fore-sverige-nu-avgar-forbundskaptenen","status":"publish","type":"post","link":"https:\/\/www.europesays.com\/se\/94716\/","title":{"rendered":"Kom f\u00f6re Sverige \u2013 nu avg\u00e5r f\u00f6rbundskaptenen"},"content":{"rendered":"<p>share-arrowDela<\/p>\n<p>unsaveSpara<\/p>\n<p>expand-left<\/p>\n<p>helsk\u00e4rm<img decoding=\"async\" class=\"image-asset hyperion-css-u06ts1\" data-test-tag=\"image-asset\" src=\"https:\/\/www.europesays.com\/se\/wp-content\/uploads\/2025\/12\/4e5804d8-fb29-4fed-8f6a-c8a869090293\"  alt=\"Sloveniens f\u00f6rbundskapten Matja\u017e Kek avg\u00e5r. Arkivbild.\"  loading=\"eager\" fetchpriority=\"high\" style=\"aspect-ratio:1900 \/ 1267\"\/>Sloveniens f\u00f6rbundskapten Matja\u017e Kek avg\u00e5r. Arkivbild. Foto: Pontus Lundahl\/TT<\/p>\n<p class=\"hyperion-css-1shl3oz\" data-test-tag=\"lead-text\">Det \u00e4r inte bara i Sverige man \u00e4r missn\u00f6jd med kvalspelet till VM i fotboll 2026.<\/p>\n<p class=\"hyperion-css-1shl3oz\" data-test-tag=\"lead-text\">Efter att Slovenien misslyckades med ta sig vidare avg\u00e5r nu f\u00f6rbundskaptenen Matjaz Kek.<\/p>\n<p class=\"hyperion-css-1v9qo5x\">H\u00f6stens VM-kval blev inte n\u00e5gon munter historia \u2013 vare sig f\u00f6r Sverige eller Slovenien.<\/p>\n<p class=\"hyperion-css-1v9qo5x\">Medan Bl\u00e5gult rasade samman tappade \u00e4ven slovenerna greppet, och i slut\u00e4ndan var det Kosovo som snodde \u00e5t sig andraplatsen bakom Schweiz.<\/p>\n<p class=\"hyperion-css-1v9qo5x\">Det slovenska fotbollsf\u00f6rbundet meddelar nu att man har valt att g\u00e5 skilda v\u00e4gar med f\u00f6rbundskaptenen Matjaz Kek \u2013 ett beslut som bottnar i det misslyckade VM-kvalet, d\u00e4r Slovenien endast m\u00e4ktade med fyra inspelade po\u00e4ng.<\/p>\n<p class=\"hyperion-css-1v9qo5x\">Kek tog \u00f6ver landslaget 2018 och ledde det till en av sina st\u00f6rsta framg\u00e5ngar i modern tid: EM 2024. D\u00e4r gick Slovenien vidare fr\u00e5n gruppspelet och gav Portugal en ordentlig match i \u00e5ttondelsfinalen.<\/p>\n<p class=\"hyperion-css-1v9qo5x\">Det var andra g\u00e5ngen Kek tog landet till ett stort m\u00e4sterskap. Under hans f\u00f6rsta period som f\u00f6rbundskapten, 2007\u20132011, n\u00e5dde Slovenien VM i Sydafrika 2010.<\/p>\n","protected":false},"excerpt":{"rendered":"share-arrowDela unsaveSpara expand-left helsk\u00e4rmSloveniens f\u00f6rbundskapten Matja\u017e Kek avg\u00e5r. Arkivbild. Foto: Pontus Lundahl\/TT Det \u00e4r inte bara i Sverige&hellip;\n","protected":false},"author":2,"featured_media":94717,"comment_status":"","ping_status":"","sticky":false,"template":"","format":"standard","meta":{"footnotes":""},"categories":[68],"tags":[34,111,110,31,33,32,30],"class_list":{"0":"post-94716","1":"post","2":"type-post","3":"status-publish","4":"format-standard","5":"has-post-thumbnail","7":"category-sport","8":"tag-se","9":"tag-sport","10":"tag-sports","11":"tag-svenska","12":"tag-sverige","13":"tag-sweden","14":"tag-swedish"},"share_on_mastodon":{"url":"https:\/\/pubeurope.com\/@se\/115645522002276981","error":""},"_links":{"self":[{"href":"https:\/\/www.europesays.com\/se\/wp-json\/wp\/v2\/posts\/94716","targetHints":{"allow":["GET"]}}],"collection":[{"href":"https:\/\/www.europesays.com\/se\/wp-json\/wp\/v2\/posts"}],"about":[{"href":"https:\/\/www.europesays.com\/se\/wp-json\/wp\/v2\/types\/post"}],"author":[{"embeddable":true,"href":"https:\/\/www.europesays.com\/se\/wp-json\/wp\/v2\/users\/2"}],"replies":[{"embeddable":true,"href":"https:\/\/www.europesays.com\/se\/wp-json\/wp\/v2\/comments?post=94716"}],"version-history":[{"count":0,"href":"https:\/\/www.europesays.com\/se\/wp-json\/wp\/v2\/posts\/94716\/revisions"}],"wp:featuredmedia":[{"embeddable":true,"href":"https:\/\/www.europesays.com\/se\/wp-json\/wp\/v2\/media\/94717"}],"wp:attachment":[{"href":"https:\/\/www.europesays.com\/se\/wp-json\/wp\/v2\/media?parent=94716"}],"wp:term":[{"taxonomy":"category","embeddable":true,"href":"https:\/\/www.europesays.com\/se\/wp-json\/wp\/v2\/categories?post=94716"},{"taxonomy":"post_tag","embeddable":true,"href":"https:\/\/www.europesays.com\/se\/wp-json\/wp\/v2\/tags?post=94716"}],"curies":[{"name":"wp","href":"https:\/\/api.w.org\/{rel}","templated":true}]}}