{"id":94718,"date":"2025-12-01T17:39:08","date_gmt":"2025-12-01T17:39:08","guid":{"rendered":"https:\/\/www.europesays.com\/se\/94718\/"},"modified":"2025-12-01T17:39:08","modified_gmt":"2025-12-01T17:39:08","slug":"natos-nya-strategi-mot-ryssland-mer-aggressiva","status":"publish","type":"post","link":"https:\/\/www.europesays.com\/se\/94718\/","title":{"rendered":"Natos nya strategi mot Ryssland: Mer aggressiva"},"content":{"rendered":"<p>Nato planerar att byta strategi mot Ryssland.<\/p>\n<p>De \u00e5terkommande ryska angreppen \u2013 cyberattacker, sabotage och luftintr\u00e5ng \u2013 ska m\u00f6tas mer aggressivt.\u00a0<\/p>\n<p>\u2013 Det \u00e4r n\u00e5got vi funderar p\u00e5, s\u00e4ger amiral Giuseppe Cavo Dragone.<\/p>\n<p>H\u00e4r m\u00f6ts ryska bombplanet av svenska Jas \u00f6ver \u00d6stersj\u00f6n.<img loading=\"lazy\"   alt=\"\"\/><\/p>\n<p>Avskr\u00e4ckningen \u00f6ver \u00d6stersj\u00f6n har fungerat, s\u00e4ger amiral Giuseppe Cavo Dragone.<\/p>\n<p>Foto: ALI HAIDER \/ EPA<\/p>\n<p>\u00d6ppna bild i helsk\u00e4rm<img loading=\"lazy\"   alt=\"\"\/><\/p>\n<p>De \u00e5terkommande ryska angreppen har inte besvarats tillr\u00e4ckligt, menar Nato-toppen.<\/p>\n<p>Foto: MEGA\/IBL<\/p>\n<p>\u00d6ppna bild i helsk\u00e4rm<\/p>\n<p>De ryska provokationerna mot Nato har inte besvarats p\u00e5 ett tillfredsst\u00e4llande s\u00e4tt. Cyberattacker, sabotage och luftintr\u00e5ng har \u00f6kat undan f\u00f6r undan f\u00f6r att eskalera rej\u00e4lt under h\u00f6sten. Nu funderar Nato p\u00e5 att byta strategi.\u00a0<\/p>\n<p>\u2013 Vi analyserar allt\u2026 N\u00e4r det g\u00e4ller cyber \u00e4r vi i dag ganska reaktiva. Att vara mer aggressiva eller proaktiva i st\u00e4llet f\u00f6r reaktiva \u00e4r n\u00e5got vi \u00f6verv\u00e4ger, s\u00e4ger italienska amiralen Giuseppe Cavo Dragone, som \u00e4r ordf\u00f6rande f\u00f6r Natos milit\u00e4ra kommitt\u00e9, till <a href=\"https:\/\/www.ft.com\/content\/dbd93caa-3c62-48bb-9eba-08c25f31ab02\" rel=\"nofollow noopener\" target=\"_blank\">Financial Times<\/a>.<\/p>\n<p>Enligt tidningen har \u00f6nskem\u00e5len fr\u00e5n fr\u00e4mst Natos \u00f6steuropeiska l\u00e4nder varit tydliga i fr\u00e5gan, sedan luftintr\u00e5ngen \u00f6ver Baltikum och Polen samt kabelsabotagen i \u00d6stersj\u00f6n. Enligt Dragone finns det en m\u00f6jlighet att alliansen utvecklar en strategi med f\u00f6rebyggande angrepp, som skulle kunna ses som en f\u00f6rsvars\u00e5tg\u00e4rd.\u00a0<\/p>\n<p>\u2013 Men det ligger l\u00e4ngre ifr\u00e5n v\u00e5rt normala s\u00e4tt att t\u00e4nka och agera, s\u00e4ger han.\u00a0<\/p>\n<p>\u2013 Att agera mer aggressivt \u00e4n v\u00e5r motpart skulle kunna vara ett alternativ. Men det handlar om de r\u00e4ttsliga ramarna. Vem \u00e4r det som ska g\u00f6ra detta? s\u00e4ger han.<\/p>\n<p>Ryssland beh\u00f6ver inte bry sig om regler<\/p>\n<p>Dragone framh\u00e5ller ocks\u00e5 att man haft framg\u00e5ng med insatsen \u201dBaltic Sentry\u201d, d\u00e4r stor n\u00e4rvaro med fartyg, flyg och marina dr\u00f6nare gjort att kabelsabotagen upph\u00f6rt sedan de incidenter som intr\u00e4ffade 2023 och 2024.\u00a0<\/p>\n<p>\u2013 Det visar att avskr\u00e4ckning fungerar, s\u00e4ger Dragone.<\/p>\n<p>En baltisk diplomat uttrycker \u00e4nd\u00e5 oro f\u00f6r att Nato kommer att forts\u00e4tta vara reaktivt. Att <a href=\"https:\/\/www.expressen.se\/tagg\/location\/ryssland\/\" class=\"\" rel=\"nofollow noopener\" target=\"_blank\">Ryssland<\/a> kan forts\u00e4tta skada alliansen till en relativt l\u00e5g kostnad. Oron har \u00f6kat efter det att en finsk domstol avvisat ett m\u00e5l d\u00e4r ett fartyg i den ryska skuggflottan kapat undervattenskablar, eftersom det befann sig p\u00e5 internationellt vatten.<\/p>\n<p>\u2013 Vi har betydligt fler begr\u00e4nsningar \u00e4n v\u00e5r motpart, p\u00e5 grund av etik, lagar och jurisdiktion. Det \u00e4r ett problem. Jag vill inte s\u00e4ga att det \u00e4r en f\u00f6rlorarposition, men det \u00e4r en sv\u00e5rare position \u00e4n motpartens, s\u00e4ger Dragone.<\/p>\n<p><img alt=\"\"\/>Ljudklippet gick inte att spela upp<\/p>\n<p>F\u00f6rs\u00f6k igen senare<\/p>\n","protected":false},"excerpt":{"rendered":"Nato planerar att byta strategi mot Ryssland. De \u00e5terkommande ryska angreppen \u2013 cyberattacker, sabotage och luftintr\u00e5ng \u2013 ska&hellip;\n","protected":false},"author":2,"featured_media":94719,"comment_status":"","ping_status":"","sticky":false,"template":"","format":"standard","meta":{"footnotes":""},"categories":[14],"tags":[50,22,23,26,27,17,21,24,25,274,28,29,15,276,16,1401,18,34,55,31,33,32,30,19,60,49,20,51,52,53,54],"class_list":{"0":"post-94718","1":"post","2":"type-post","3":"status-publish","4":"format-standard","5":"has-post-thumbnail","7":"category-varlden","8":"tag-arme-forsvar","9":"tag-breaking-news","10":"tag-breakingnews","11":"tag-featured-news","12":"tag-featurednews","13":"tag-headlines","14":"tag-huvudnyheter","15":"tag-latest-news","16":"tag-latestnews","17":"tag-location-ryssland","18":"tag-main-news","19":"tag-mainnews","20":"tag-news","21":"tag-newsstory-kriget-i-ukraina","22":"tag-nyheter","23":"tag-organization-nato","24":"tag-rubriker","25":"tag-se","26":"tag-sections-varlden","27":"tag-svenska","28":"tag-sverige","29":"tag-sweden","30":"tag-swedish","31":"tag-top-stories","32":"tag-topic-krig-konflikt","33":"tag-topic-militar","34":"tag-topstories","35":"tag-varlden","36":"tag-world","37":"tag-world-news","38":"tag-worldnews"},"share_on_mastodon":{"url":"https:\/\/pubeurope.com\/@se\/115645537617707213","error":""},"_links":{"self":[{"href":"https:\/\/www.europesays.com\/se\/wp-json\/wp\/v2\/posts\/94718","targetHints":{"allow":["GET"]}}],"collection":[{"href":"https:\/\/www.europesays.com\/se\/wp-json\/wp\/v2\/posts"}],"about":[{"href":"https:\/\/www.europesays.com\/se\/wp-json\/wp\/v2\/types\/post"}],"author":[{"embeddable":true,"href":"https:\/\/www.europesays.com\/se\/wp-json\/wp\/v2\/users\/2"}],"replies":[{"embeddable":true,"href":"https:\/\/www.europesays.com\/se\/wp-json\/wp\/v2\/comments?post=94718"}],"version-history":[{"count":0,"href":"https:\/\/www.europesays.com\/se\/wp-json\/wp\/v2\/posts\/94718\/revisions"}],"wp:featuredmedia":[{"embeddable":true,"href":"https:\/\/www.europesays.com\/se\/wp-json\/wp\/v2\/media\/94719"}],"wp:attachment":[{"href":"https:\/\/www.europesays.com\/se\/wp-json\/wp\/v2\/media?parent=94718"}],"wp:term":[{"taxonomy":"category","embeddable":true,"href":"https:\/\/www.europesays.com\/se\/wp-json\/wp\/v2\/categories?post=94718"},{"taxonomy":"post_tag","embeddable":true,"href":"https:\/\/www.europesays.com\/se\/wp-json\/wp\/v2\/tags?post=94718"}],"curies":[{"name":"wp","href":"https:\/\/api.w.org\/{rel}","templated":true}]}}